{"id":67512,"date":"2026-04-29T22:02:21","date_gmt":"2026-04-29T22:02:21","guid":{"rendered":"https:\/\/www.deportivo800.com\/?p=67512"},"modified":"2026-04-29T22:02:21","modified_gmt":"2026-04-29T22:02:21","slug":"ponen-en-marcha-proyecto-inclusivo-con-tecnologia-3d-en-el-muref","status":"publish","type":"post","link":"https:\/\/www.deportivo800.com\/?p=67512","title":{"rendered":"PONEN EN MARCHA PROYECTO INCLUSIVO CON TECNOLOGIA 3D EN EL MUREF"},"content":{"rendered":"<p>Nueve piezas t\u00e1ctiles en las salas de exposici\u00f3n permanente del museo, en el que le permitir\u00e1 a cada visitante interactuar f\u00edsicamente con representaciones de objetos hist\u00f3ricos, ampliando as\u00ed su experiencia tradicional de observaci\u00f3n<\/p>\n<p><a href=\"https:\/\/www.deportivo800.com\/wp-content\/uploads\/2026\/04\/TOCANDO-LA-HISTORIA-MUREF-UACJ24-1140x570.jpg\"><img loading=\"lazy\" decoding=\"async\" class=\"aligncenter size-full wp-image-409727\" src=\"https:\/\/www.deportivo800.com\/wp-content\/uploads\/2026\/04\/TOCANDO-LA-HISTORIA-MUREF-UACJ24-1140x570.jpg\" alt=\"\" width=\"1140\" height=\"570\" \/><\/a><\/p>\n<p class=\"has-drop-cap\">Para robustecer la inclusi\u00f3n y el acceso equitativo a la cultura regional, este 29 de abril fue puesto en marcha el proyecto\u00a0<strong><em>Tocando la Historia, impresi\u00f3n 3D en el MUREF<\/em><\/strong>, una iniciativa que incorpora experiencias multisensoriales mediante r\u00e9plicas t\u00e1ctiles de piezas hist\u00f3ricas elaboradas con tecnolog\u00eda de escaneo digital e impresi\u00f3n 3D.<\/p>\n<p>El evento se llev\u00f3 a cabo en el auditorio del\u00a0<strong>Museo de la Revoluci\u00f3n en la Frontera (MUREF)<\/strong>, contando con la participaci\u00f3n de autoridades acad\u00e9micas, entre los que destacaron, el maestro Alejandro Castillo Gonz\u00e1lez, director general de Difusi\u00f3n Cultural y Divulgaci\u00f3n Cient\u00edfica; el doctor Fausto Aguirre Esc\u00e1rcega, director del Instituto de Arquitectura, Dise\u00f1o y Arte (IADA); la maestra Tayde Mancillas Trejo, jefa del Departamento de Dise\u00f1o; la maestra Araceli Hidalgo Lara, jefa del Centro Cultural de las Fronteras (CCF); el maestro Pablo Aldaba, coordinador de la Maestr\u00eda en Dise\u00f1o y Desarrollo del Producto; la doctora Alicia Herrera, coordinadora de la Licenciatura en Dise\u00f1o y Gesti\u00f3n de la Moda; el doctor David Cort\u00e9s S\u00e1enz, profesor investigador de la UACJ y coordinador interno del proyecto por parte del CAPA (Centro de Prototipado de impresi\u00f3n 3-D) del IADA y el licenciado Jorge Jair Calvillo Carre\u00f3n, jefe de Funci\u00f3n de Extensi\u00f3n del IADA.<\/p>\n<p>Adem\u00e1s, representantes de organismos civiles y del sector cultural, quienes subrayaron la relevancia de generar espacios accesibles para todo el p\u00fablico.<\/p>\n<p>Este proyecto es derivado de la colaboraci\u00f3n entre el\u00a0<strong>Patronato Amigos del Museo Hacia una Nueva Imagen A.C., Fondo Unido United Way Chihuahua\u00a0<\/strong>y la<strong>\u00a0Universidad Aut\u00f3noma de Ciudad Ju\u00e1rez (UACJ)<\/strong>, a trav\u00e9s del<strong>\u00a0IADA.<\/strong><\/p>\n<p>Su desarrollo responde a la necesidad de crear recursos museogr\u00e1ficos accesibles para personas con discapacidad visual, en el cual se integre un\u00a0<strong>enfoque pedag\u00f3gico multidisciplinari<\/strong>o \u2014entre ellas, las\u00a0<strong>Ciencias, Tecnolog\u00eda, Ingenier\u00eda, Artes y Matem\u00e1ticas (STEAM, por sus siglas en ingl\u00e9s)\u2014<\/strong>\u00a0para fomentar el aprendizaje activo, el pensamiento cr\u00edtico y la resoluci\u00f3n de problemas reales.<\/p>\n<p>Como parte de su implementaci\u00f3n, se incorporaron nueve piezas t\u00e1ctiles en las salas de exposici\u00f3n permanente del museo, en el que le permitir\u00e1 a cada visitante interactuar f\u00edsicamente con representaciones de objetos hist\u00f3ricos, ampliando as\u00ed su experiencia tradicional de observaci\u00f3n.<\/p>\n<p>Durante la ceremonia protocolaria, se proyect\u00f3 un video explicativo del proyecto y se ofrecieron mensajes por parte de los representantes de las instituciones participantes, quienes coincidieron en subrayar el valor de la vinculaci\u00f3n interinstitucional y el papel de la academia en la generaci\u00f3n de soluciones con impacto social.<\/p>\n<p>\u00ab<em>Los museos debemos repensar las formas de construir el aprendizaje, apostando por experiencias inclusivas, accesibles y significativas para nuestros diversos p\u00fablicos. Debemos replantearnos la manera y la norma de \u2018no tocar\u2019 y solo contemplar<\/em>\u00bb enfatiz\u00f3 Liliana Fuentes Valles, directora del MUREF.<\/p>\n<p><em>\u00ab\u00bfQu\u00e9 pasar\u00eda si pudi\u00e9ramos tocar esas piezas detr\u00e1s de las vitrinas? Si las pudi\u00e9ramos agarrar, pues se permitir\u00eda que la historia tambi\u00e9n se conozca a trav\u00e9s del tacto\u201d<\/em>, apunt\u00f3 el doctor Roberto Prieto D\u00edaz, coordinador del proyecto\u00a0<em>Tocando la Historia<\/em>\u00a0por parte del Patronato Amigos del MUREF y profesor investigador del IADA.<\/p>\n<p><em>\u00abLa piel es el \u00f3rgano m\u00e1s grande que tenemos los seres humanos [\u2026] qu\u00e9 maravilla que de una idea podamos hacer realidad que el ser humano tenga una experiencia integral con el \u00f3rgano m\u00e1s grande que tiene\u00bb,\u00a0<\/em>comparti\u00f3 la licenciada Erika Ram\u00edrez Heredia, directora ejecutiva de Fondo Unido United Way Chihuahua.<\/p>\n<p><em>\u00abLa inclusi\u00f3n en los museos no es \u00fanicamente una respuesta a la discapacidad, sino una forma m\u00e1s amplia de reconocer la diversidad de maneras en que percibimos, aprendemos y construimos significado. Creemos firmemente que los museos deben ser espacios vivos, relevantes y sensibles a las necesidades de las personas\u00bb,\u00a0<\/em>dijo el licenciadoGabriel Flores Viramontes, presidente del Patronato Amigos del Museo.<\/p>\n<p>En este sentido, tambi\u00e9n, se destac\u00f3 el trabajo t\u00e9cnico y acad\u00e9mico realizado por profesores y estudiantes del IADA, as\u00ed como el uso del laboratorio CAPA (Centro Autofinanciable de Prototipos y Arquetipos), equipado con tecnolog\u00eda de manufactura aditiva de nivel competitivo en Latinoam\u00e9rica.<\/p>\n<p>Como parte de las actividades inaugurales,\u00a0<strong>35 alumnos de quinto grado de la<\/strong>\u00a0<strong>Colegio Biling\u00fce Anna Freud<\/strong>\u00a0fueron los pioneros en realizar el recorrido t\u00e1ctil, marcando el inicio formal de esta experiencia inclusiva dirigida tanto a personas con discapacidad visual como al p\u00fablico en general.<\/p>\n<p>El proyecto \u201cTocando la Historia\u201d se alinea con los ejes de vinculaci\u00f3n y responsabilidad social, al promover alianzas estrat\u00e9gicas y fomentar el acceso universal al patrimonio cultural en Ciudad Ju\u00e1rez.<\/p>\n<p>&nbsp;<\/p>\n","protected":false},"excerpt":{"rendered":"<p>Nueve piezas t\u00e1ctiles en las salas de exposici\u00f3n permanente del museo, en el que le permitir\u00e1 a cada<\/p>\n","protected":false},"author":1,"featured_media":67511,"comment_status":"open","ping_status":"closed","sticky":false,"template":"","format":"standard","meta":{"footnotes":""},"categories":[51],"tags":[],"class_list":["post-67512","post","type-post","status-publish","format-standard","has-post-thumbnail","hentry","category-actualidad"],"_links":{"self":[{"href":"https:\/\/www.deportivo800.com\/index.php?rest_route=\/wp\/v2\/posts\/67512","targetHints":{"allow":["GET"]}}],"collection":[{"href":"https:\/\/www.deportivo800.com\/index.php?rest_route=\/wp\/v2\/posts"}],"about":[{"href":"https:\/\/www.deportivo800.com\/index.php?rest_route=\/wp\/v2\/types\/post"}],"author":[{"embeddable":true,"href":"https:\/\/www.deportivo800.com\/index.php?rest_route=\/wp\/v2\/users\/1"}],"replies":[{"embeddable":true,"href":"https:\/\/www.deportivo800.com\/index.php?rest_route=%2Fwp%2Fv2%2Fcomments&post=67512"}],"version-history":[{"count":0,"href":"https:\/\/www.deportivo800.com\/index.php?rest_route=\/wp\/v2\/posts\/67512\/revisions"}],"wp:featuredmedia":[{"embeddable":true,"href":"https:\/\/www.deportivo800.com\/index.php?rest_route=\/wp\/v2\/media\/67511"}],"wp:attachment":[{"href":"https:\/\/www.deportivo800.com\/index.php?rest_route=%2Fwp%2Fv2%2Fmedia&parent=67512"}],"wp:term":[{"taxonomy":"category","embeddable":true,"href":"https:\/\/www.deportivo800.com\/index.php?rest_route=%2Fwp%2Fv2%2Fcategories&post=67512"},{"taxonomy":"post_tag","embeddable":true,"href":"https:\/\/www.deportivo800.com\/index.php?rest_route=%2Fwp%2Fv2%2Ftags&post=67512"}],"curies":[{"name":"wp","href":"https:\/\/api.w.org\/{rel}","templated":true}]}}