{"id":67508,"date":"2026-04-29T20:22:07","date_gmt":"2026-04-29T20:22:07","guid":{"rendered":"https:\/\/www.deportivo800.com\/?p=67508"},"modified":"2026-04-29T20:22:07","modified_gmt":"2026-04-29T20:22:07","slug":"llegan-las-jornadas-de-bienestar-a-iit-iada","status":"publish","type":"post","link":"https:\/\/www.deportivo800.com\/?p=67508","title":{"rendered":"LLEGAN LAS JORNADAS DE BIENESTAR A IIT-IADA"},"content":{"rendered":"<h3 class=\"wp-block-heading\"><strong>La comunidad universitaria particip\u00f3 activamente en esta segunda edici\u00f3n<\/strong><\/h3>\n<p><a href=\"https:\/\/www.deportivo800.com\/wp-content\/uploads\/2026\/04\/Jornadas-de-bienestar-IADA-IIT66-1140x570.jpg\"><img loading=\"lazy\" decoding=\"async\" class=\"aligncenter size-full wp-image-409718\" src=\"https:\/\/www.deportivo800.com\/wp-content\/uploads\/2026\/04\/Jornadas-de-bienestar-IADA-IIT66-1140x570.jpg\" alt=\"\" width=\"1140\" height=\"570\" \/><\/a><\/p>\n<p>Como parte de las acciones orientadas a mejorar los espacios universitarios, la Direcci\u00f3n General de Bienestar Universitario\u00a0cre\u00f3 esta estrategia con el prop\u00f3sito de establecer un espacio de encuentro en los diversos institutos y campus de la UACJ. La iniciativa busca que los estudiantes identifiquen los servicios universitarios como garantes del bienestar universitario, as\u00ed como promover actividades que aborden la salud mental y la cultura de paz. De esta manera la comunidad universitaria puede adquirir herramientas para la vida personal y cotidiana.<\/p>\n<p>En este sentido, las Jornadas de Bienestar iniciaron en el Instituto de Ciencias Biom\u00e9dicas (ICB) el pasado 10 de marzo. En esta ocasi\u00f3n<strong>, llegaron al Instituto de Ingenier\u00eda y Tecnolog\u00eda, e Instituto de Arquitectura, Dise\u00f1o y Arte (IIT-IADA) el 29 y 30 de abril.<\/strong><\/p>\n<p><em>\u201cEl d\u00eda de hoy comenzamos con la segunda edici\u00f3n de las jornadas de bienestar. Iniciamos con paneles con invitados diversos, algunos profesores de tiempo completo y coordinadores de programa como funcionarios, porque tambi\u00e9n es importante tener la perspectiva del bienestar desde las funciones universitarias en particular. Esto apoya tambi\u00e9n a que exista una perspectiva de c\u00f3mo es el funcionamiento, los procedimientos, las gestiones de la universidad y que es importante explicar. Tendremos diversos talleres, como el de c\u00edrculo de paz, un espacio de encuentro donde se va a promover la cultura de paz, la prevenci\u00f3n de violencia, a trav\u00e9s de la cohesi\u00f3n de la integraci\u00f3n universitaria; algunos otros con perspectiva de g\u00e9nero, nuevos esquemas de neurodiversidad. Y la Feria de Servicios como orientaci\u00f3n de los servicios que tenemos en la universidad\u201d<\/em>, comparti\u00f3 el doctor Pedro Ya\u00f1ez, director general de Bienestar Universitario.<\/p>\n<h4 class=\"wp-block-heading\"><strong>Panel: Bienestar en voz alta desde el IADA<\/strong><\/h4>\n<p>En el Panel de IADA participaron el maestro Juan Alejandro Anguiano, el maestro Salvador de Jes\u00fas S\u00e1nchez, coordinador de Dise\u00f1o Gr\u00e1fico;\u00a0 Luis Antonio Pereira Machado, profesor investigador y coordinador del programa de Dise\u00f1o Industria y la maestra Ingrid Berenice Tabares Vera, coordinadora de Producci\u00f3n Musical.<\/p>\n<p>Previo al inicio del primer panel, el maestro Luis Antonio Pereira Machado, profesor investigador y coordinador del programa de Dise\u00f1o Industrial comparti\u00f3 su intenci\u00f3n en este enriquecedor di\u00e1logo. \u201cMi intenci\u00f3n en ese panel es crear una relaci\u00f3n m\u00e1s cercana con los estudiantes. Muchas veces vemos que los conflictos ocurren por una cuesti\u00f3n de comunicaci\u00f3n, entonces la idea es poder transmitir a nuestros alumnos esa posibilidad de entender que todos nosotros trabajamos por lo mismo. La cuesti\u00f3n del bienestar es tan importante para ellos, como para nosotros, como instituci\u00f3n. Y al fin del d\u00eda los coordinadores somos quienes tenemos ese contacto muy cercano, al mismo tiempo que tenemos de esa vinculaci\u00f3n con lo administrativo de la universidad, tenemos ese v\u00ednculo muy directo con los alumnos. Entonces la intenci\u00f3n principal con este panel es despu\u00e9s de transmitir, que la coordinaci\u00f3n siempre est\u00e1 abierta para apoyar a los alumnos de lo que necesiten.<\/p>\n<p>El docente manifest\u00f3 la importancia de difundir el papel bienestar universitario como herramienta en los espacios acad\u00e9micos. \u201cVeo que el tema del bienestar vinculado con los estudiantes lo atribuyen cuando ya tienen un problema, pero no visualizan que la construcci\u00f3n de un espacio de bienestar es un proceso diario. Mi consejo es el respeto a los l\u00edmites. Autoconocernos es un proceso complejo, pero que nos ayuda a tomar decisiones asertivas\u201d, puntualiz\u00f3.<\/p>\n<p>\u201cEl bienestar no es un lujo, no es algo que hacemos cuando nos sobra tiempo. Es un cimiento sobre la cual se construye el \u00e9xito acad\u00e9mico y profesional\u201d, \u201cNo podemos exigirnos si no tenemos salud mental\u201d, \u201cEs importante la equidad y el reconocimiento propio como formas de convivencia\u201d, \u201cLa empat\u00eda facilita la comunicaci\u00f3n\u201d fueron algunas de las ideas expresadas por los panelistas.<\/p>\n<p>Estos espacios permiten el intercambio de inquietudes, pensamientos y dudas que la comunidad universitaria tiene. De esta forma alumnos, docentes, autoridades y admistrativos tienen un di\u00e1logo respetuoso en torno a la salud mental, la cultura de la paz y el bienestar.<\/p>\n<h4 class=\"wp-block-heading\"><strong>Feria de servicios universitarios<\/strong><\/h4>\n<p>\u00a0La importancia de que se lleve a los institutos una Feria de servicios universitarios se plante\u00f3 ante la incertidumbre surge en la vida estudiantil por el desconocimiento de los servicios que ofrecen las distintas \u00e1reas de la universidad, ya sean de car\u00e1cter cultural, deportivo, administrativo, acad\u00e9mico, entre otros. \u201cLe pedimos a las diferentes oficinas centrales que salgan de sus oficinas y coloquen m\u00f3dulos en los institutos para poder brindar la informaci\u00f3n de todo lo que se hace, de las gestiones y tener bien informado a nuestra comunidad universitaria\u201d indic\u00f3 el doctor Ya\u00f1ez.<\/p>\n<p>En el IADA-IIT estar\u00e1 disponible el 30 de abril en la Plaza de la Fraternidad de 10:00 a.m. a 6:00 p.m.<\/p>\n<p>Consulte el programa completo\u00a0<a href=\"https:\/\/comunica.uacj.mx\/17-04-2026\/95996\">AQU\u00cd<\/a><\/p>\n","protected":false},"excerpt":{"rendered":"<p>La comunidad universitaria particip\u00f3 activamente en esta segunda edici\u00f3n Como parte de las acciones orientadas a mejorar los<\/p>\n","protected":false},"author":1,"featured_media":67507,"comment_status":"open","ping_status":"closed","sticky":false,"template":"","format":"standard","meta":{"footnotes":""},"categories":[51],"tags":[],"class_list":["post-67508","post","type-post","status-publish","format-standard","has-post-thumbnail","hentry","category-actualidad"],"_links":{"self":[{"href":"https:\/\/www.deportivo800.com\/index.php?rest_route=\/wp\/v2\/posts\/67508","targetHints":{"allow":["GET"]}}],"collection":[{"href":"https:\/\/www.deportivo800.com\/index.php?rest_route=\/wp\/v2\/posts"}],"about":[{"href":"https:\/\/www.deportivo800.com\/index.php?rest_route=\/wp\/v2\/types\/post"}],"author":[{"embeddable":true,"href":"https:\/\/www.deportivo800.com\/index.php?rest_route=\/wp\/v2\/users\/1"}],"replies":[{"embeddable":true,"href":"https:\/\/www.deportivo800.com\/index.php?rest_route=%2Fwp%2Fv2%2Fcomments&post=67508"}],"version-history":[{"count":0,"href":"https:\/\/www.deportivo800.com\/index.php?rest_route=\/wp\/v2\/posts\/67508\/revisions"}],"wp:featuredmedia":[{"embeddable":true,"href":"https:\/\/www.deportivo800.com\/index.php?rest_route=\/wp\/v2\/media\/67507"}],"wp:attachment":[{"href":"https:\/\/www.deportivo800.com\/index.php?rest_route=%2Fwp%2Fv2%2Fmedia&parent=67508"}],"wp:term":[{"taxonomy":"category","embeddable":true,"href":"https:\/\/www.deportivo800.com\/index.php?rest_route=%2Fwp%2Fv2%2Fcategories&post=67508"},{"taxonomy":"post_tag","embeddable":true,"href":"https:\/\/www.deportivo800.com\/index.php?rest_route=%2Fwp%2Fv2%2Ftags&post=67508"}],"curies":[{"name":"wp","href":"https:\/\/api.w.org\/{rel}","templated":true}]}}