{"id":67479,"date":"2026-04-27T19:10:38","date_gmt":"2026-04-27T19:10:38","guid":{"rendered":"https:\/\/www.deportivo800.com\/?p=67479"},"modified":"2026-04-27T19:10:38","modified_gmt":"2026-04-27T19:10:38","slug":"listas-fechas-y-horarios-de-los-cuartos-de-final-de-la-liguilla","status":"publish","type":"post","link":"https:\/\/www.deportivo800.com\/?p=67479","title":{"rendered":"LISTAS FECHAS Y HORARIOS DE LOS CUARTOS DE FINAL DE LA LIGUILLA&#8230;"},"content":{"rendered":"<div class=\"bg-article-header-pattern-mobile bg-top-right sm:bg-article-header-pattern-desktop relative -mx-4 flex flex-col overflow-auto bg-no-repeat sm:mx-0\">\n<div class=\"relative mx-auto flex w-full flex-col gap-y-3 pb-10\">\n<div class=\"max-w-175 mx-auto w-full px-4 pt-2 sm:px-0\">\n<div id=\"article_intro\" class=\"font-default mx-auto pt-3 text-xl font-normal leading-7 text-neutral-900 sm:text-2xl sm:font-normal sm:leading-8\">Comienza la Fiesta Grande del futbol mexicano<\/div>\n<\/div>\n<\/div>\n<\/div>\n<div class=\"max-w-175 mx-auto\">\n<section id=\"article_body\" class=\"space-y-5 sm:space-y-7\">\n<div class=\"min-h-75 container\" data-type=\"_mgwidget\" data-widget-id=\"1669878\" data-uid=\"0bc16\">\n<div id=\"mgw1669878_0bc16\" class=\"_mgw_1669878 _mgVideoBlock_1669878\" data-mgloaded=\"true\">\n<div>\n<div class=\"mgbox\" data-template-type=\"container\">\n<div id=\"mgAdPlayerContainerDiv_1669878_0\" class=\"mgAdPlayerContainerDiv adPlayerContainerDiv  mgAdPlayerFormat-outstream\">\n<div id=\"mgAdPlayerDiv_1669878_0\" class=\"mgAdPlayerDiv adPlayerDiv\"><a href=\"https:\/\/www.deportivo800.com\/wp-content\/uploads\/2026\/04\/684244709_1520458172782755_805634803806850306_n.jpg\"><img loading=\"lazy\" decoding=\"async\" class=\"aligncenter size-full wp-image-409563\" src=\"https:\/\/www.deportivo800.com\/wp-content\/uploads\/2026\/04\/684244709_1520458172782755_805634803806850306_n.jpg\" alt=\"\" width=\"512\" height=\"640\" \/><\/a><\/div>\n<\/div>\n<\/div>\n<\/div>\n<\/div>\n<\/div>\n<div class=\"mx-auto w-full font-default text-lg font-normal leading-7 text-neutral-800 sm:text-xl [&amp;_a:hover]:text-primary-700 [&amp;_a]:text-primary-500 [&amp;_a]:transition [&amp;_h2]:font-accent [&amp;_h2]:text-xl [&amp;_h2]:font-extrabold [&amp;_h2]:leading-7 sm:[&amp;_h2]:text-2xl sm:[&amp;_h2]:leading-8 [&amp;_h3]:font-accent [&amp;_h3]:text-lg [&amp;_h3]:font-extrabold [&amp;_h3]:leading-7 [&amp;_h4]:font-accent [&amp;_h4]:text-base [&amp;_h4]:font-extrabold [&amp;_h4]:leading-6 [&amp;_h5]:font-accent [&amp;_h5]:text-base [&amp;_h5]:font-bold [&amp;_h5]:leading-6 [&amp;_h6]:font-accent [&amp;_h6]:text-base [&amp;_h6]:font-normal [&amp;_h6]:leading-6 [&amp;_li]:mb-2 [&amp;_ol]:my-4 [&amp;_ol]:list-decimal [&amp;_ol]:pl-6 [&amp;_ul]:my-4 [&amp;_ul]:list-disc [&amp;_ul]:pl-6\">\n<p>La fase definitiva de la\u00a0<strong><a class=\"autolink-enabled\" href=\"https:\/\/www.record.com.mx\/futbol\/torneo\/liga-mx-150\" data-resource-id=\"150\" data-resource-type=\"competition\" data-sport=\"football\">Liga MX<\/a><\/strong>\u00a0ha quedado establecida. Tras concluir la fase regular, la\u00a0<strong><a class=\"autolink-enabled\" href=\"https:\/\/www.record.com.mx\/futbol\/torneo\/liga-mx-150\" data-resource-id=\"150\" data-resource-type=\"competition\" data-sport=\"football\">Liga MX<\/a>\u00a0<\/strong>hizo oficiales los d\u00edas y horarios en los que se disputar\u00e1n los Cuartos de Final del torneo Clausura 2026. En una edici\u00f3n at\u00edpica marcada por el calendario internacional y ajustes en el reglamento de competencia, los ocho mejores equipos del certamen buscar\u00e1n su boleto a las semifinales.<\/p>\n<\/div>\n<div class=\"mx-auto w-full font-default text-lg font-normal leading-7 text-neutral-800 sm:text-xl [&amp;_a:hover]:text-primary-700 [&amp;_a]:text-primary-500 [&amp;_a]:transition [&amp;_h2]:font-accent [&amp;_h2]:text-xl [&amp;_h2]:font-extrabold [&amp;_h2]:leading-7 sm:[&amp;_h2]:text-2xl sm:[&amp;_h2]:leading-8 [&amp;_h3]:font-accent [&amp;_h3]:text-lg [&amp;_h3]:font-extrabold [&amp;_h3]:leading-7 [&amp;_h4]:font-accent [&amp;_h4]:text-base [&amp;_h4]:font-extrabold [&amp;_h4]:leading-6 [&amp;_h5]:font-accent [&amp;_h5]:text-base [&amp;_h5]:font-bold [&amp;_h5]:leading-6 [&amp;_h6]:font-accent [&amp;_h6]:text-base [&amp;_h6]:font-normal [&amp;_h6]:leading-6 [&amp;_li]:mb-2 [&amp;_ol]:my-4 [&amp;_ol]:list-decimal [&amp;_ol]:pl-6 [&amp;_ul]:my-4 [&amp;_ul]:list-disc [&amp;_ul]:pl-6\" data-yield-master-placement-inserted=\"\">\n<p>A diferencia de los torneos cortos m\u00e1s recientes, esta\u00a0<strong>Fase Final<\/strong>\u00a0se jugar\u00e1 de forma directa a partir de los Cuartos de Final. La eliminaci\u00f3n del Play-In permite que los equipos clasificados mantengan el ritmo de competencia, aunque con una log\u00edstica distinta a la tradicional debido a compromisos externos de algunos clubes.<\/p>\n<\/div>\n<div class=\"mx-auto w-full\">\n<h2>NO HAY LIGUILLA A MITAD DE SEMANA<\/h2>\n<\/div>\n<div class=\"mx-auto w-full font-default text-lg font-normal leading-7 text-neutral-800 sm:text-xl [&amp;_a:hover]:text-primary-700 [&amp;_a]:text-primary-500 [&amp;_a]:transition [&amp;_h2]:font-accent [&amp;_h2]:text-xl [&amp;_h2]:font-extrabold [&amp;_h2]:leading-7 sm:[&amp;_h2]:text-2xl sm:[&amp;_h2]:leading-8 [&amp;_h3]:font-accent [&amp;_h3]:text-lg [&amp;_h3]:font-extrabold [&amp;_h3]:leading-7 [&amp;_h4]:font-accent [&amp;_h4]:text-base [&amp;_h4]:font-extrabold [&amp;_h4]:leading-6 [&amp;_h5]:font-accent [&amp;_h5]:text-base [&amp;_h5]:font-bold [&amp;_h5]:leading-6 [&amp;_h6]:font-accent [&amp;_h6]:text-base [&amp;_h6]:font-normal [&amp;_h6]:leading-6 [&amp;_li]:mb-2 [&amp;_ol]:my-4 [&amp;_ol]:list-decimal [&amp;_ol]:pl-6 [&amp;_ul]:my-4 [&amp;_ul]:list-disc [&amp;_ul]:pl-6\">\n<p>Una de las novedades m\u00e1s relevantes para esta Liguilla es el cambio en los d\u00edas de actividad. Contrario a la costumbre de iniciar las series a mitad de semana (mi\u00e9rcoles y jueves), tanto los duelos de Ida como los de Vuelta se concentrar\u00e1n exclusivamente en los d\u00edas s\u00e1bado y domingo.<\/p>\n<\/div>\n<div class=\"mx-auto w-full font-default text-lg font-normal leading-7 text-neutral-800 sm:text-xl [&amp;_a:hover]:text-primary-700 [&amp;_a]:text-primary-500 [&amp;_a]:transition [&amp;_h2]:font-accent [&amp;_h2]:text-xl [&amp;_h2]:font-extrabold [&amp;_h2]:leading-7 sm:[&amp;_h2]:text-2xl sm:[&amp;_h2]:leading-8 [&amp;_h3]:font-accent [&amp;_h3]:text-lg [&amp;_h3]:font-extrabold [&amp;_h3]:leading-7 [&amp;_h4]:font-accent [&amp;_h4]:text-base [&amp;_h4]:font-extrabold [&amp;_h4]:leading-6 [&amp;_h5]:font-accent [&amp;_h5]:text-base [&amp;_h5]:font-bold [&amp;_h5]:leading-6 [&amp;_h6]:font-accent [&amp;_h6]:text-base [&amp;_h6]:font-normal [&amp;_h6]:leading-6 [&amp;_li]:mb-2 [&amp;_ol]:my-4 [&amp;_ol]:list-decimal [&amp;_ol]:pl-6 [&amp;_ul]:my-4 [&amp;_ul]:list-disc [&amp;_ul]:pl-6\">\n<p>Este ajuste responde a la participaci\u00f3n de Tigres y Toluca en la Concacaf Champions Cup. Al tener actividad continental programada para los d\u00edas previos, la liga ha optado por mover los compromisos locales para garantizar el descanso de los planteles y el espect\u00e1culo deportivo.<\/p>\n<\/div>\n<div class=\"mx-auto w-full\">\n<h2>FECHAS Y HORARIOS<\/h2>\n<\/div>\n<div class=\"mx-auto w-full font-default text-lg font-normal leading-7 text-neutral-800 sm:text-xl [&amp;_a:hover]:text-primary-700 [&amp;_a]:text-primary-500 [&amp;_a]:transition [&amp;_h2]:font-accent [&amp;_h2]:text-xl [&amp;_h2]:font-extrabold [&amp;_h2]:leading-7 sm:[&amp;_h2]:text-2xl sm:[&amp;_h2]:leading-8 [&amp;_h3]:font-accent [&amp;_h3]:text-lg [&amp;_h3]:font-extrabold [&amp;_h3]:leading-7 [&amp;_h4]:font-accent [&amp;_h4]:text-base [&amp;_h4]:font-extrabold [&amp;_h4]:leading-6 [&amp;_h5]:font-accent [&amp;_h5]:text-base [&amp;_h5]:font-bold [&amp;_h5]:leading-6 [&amp;_h6]:font-accent [&amp;_h6]:text-base [&amp;_h6]:font-normal [&amp;_h6]:leading-6 [&amp;_li]:mb-2 [&amp;_ol]:my-4 [&amp;_ol]:list-decimal [&amp;_ol]:pl-6 [&amp;_ul]:my-4 [&amp;_ul]:list-disc [&amp;_ul]:pl-6\">\n<p><strong>S\u00e1bado 2 de mayo<\/strong><\/p>\n<ul>\n<li>\n<p><strong>Tigres vs. Chivas | 19:00 horas | Estadio Universitario<\/strong><\/p>\n<\/li>\n<li>\n<p><strong>Atlas vs. Cruz Azul | 21:15 horas | Estadio Jalisco<\/strong><\/p>\n<\/li>\n<\/ul>\n<\/div>\n<div class=\"mx-auto w-full font-default text-lg font-normal leading-7 text-neutral-800 sm:text-xl [&amp;_a:hover]:text-primary-700 [&amp;_a]:text-primary-500 [&amp;_a]:transition [&amp;_h2]:font-accent [&amp;_h2]:text-xl [&amp;_h2]:font-extrabold [&amp;_h2]:leading-7 sm:[&amp;_h2]:text-2xl sm:[&amp;_h2]:leading-8 [&amp;_h3]:font-accent [&amp;_h3]:text-lg [&amp;_h3]:font-extrabold [&amp;_h3]:leading-7 [&amp;_h4]:font-accent [&amp;_h4]:text-base [&amp;_h4]:font-extrabold [&amp;_h4]:leading-6 [&amp;_h5]:font-accent [&amp;_h5]:text-base [&amp;_h5]:font-bold [&amp;_h5]:leading-6 [&amp;_h6]:font-accent [&amp;_h6]:text-base [&amp;_h6]:font-normal [&amp;_h6]:leading-6 [&amp;_li]:mb-2 [&amp;_ol]:my-4 [&amp;_ol]:list-decimal [&amp;_ol]:pl-6 [&amp;_ul]:my-4 [&amp;_ul]:list-disc [&amp;_ul]:pl-6\">\n<p><strong>Domingo 3 de mayo<\/strong><\/p>\n<ul>\n<li>\n<p><strong>Am\u00e9rica vs. Pumas | 17:00 horas | Estadio Banorte<\/strong><\/p>\n<\/li>\n<li>\n<p><strong>Toluca vs. Pachuca | 19:15 horas | Estadio Nemesio Diez<\/strong><\/p>\n<\/li>\n<\/ul>\n<\/div>\n<div class=\"max-w-175 mx-auto hidden items-center justify-center sm:flex\">\n<div class=\"wrapperAd\">\n<div id=\"div-gpt-ad-1769518497160-0-desktop\" class=\"ad lazyAd\" data-slot-name=\"DesktopInText3\" data-google-query-id=\"CIOc2MPdjpQDFaSJOgUdUcQPiQ\">\n<div id=\"google_ads_iframe_\/50466933\/RECORDMX\/article_category\/Box_Middle_Center_AC_BFT_2_0__container__\"><strong>S\u00e1bado 9 de mayo<\/strong><\/div>\n<\/div>\n<\/div>\n<\/div>\n<div class=\"mx-auto w-full font-default text-lg font-normal leading-7 text-neutral-800 sm:text-xl [&amp;_a:hover]:text-primary-700 [&amp;_a]:text-primary-500 [&amp;_a]:transition [&amp;_h2]:font-accent [&amp;_h2]:text-xl [&amp;_h2]:font-extrabold [&amp;_h2]:leading-7 sm:[&amp;_h2]:text-2xl sm:[&amp;_h2]:leading-8 [&amp;_h3]:font-accent [&amp;_h3]:text-lg [&amp;_h3]:font-extrabold [&amp;_h3]:leading-7 [&amp;_h4]:font-accent [&amp;_h4]:text-base [&amp;_h4]:font-extrabold [&amp;_h4]:leading-6 [&amp;_h5]:font-accent [&amp;_h5]:text-base [&amp;_h5]:font-bold [&amp;_h5]:leading-6 [&amp;_h6]:font-accent [&amp;_h6]:text-base [&amp;_h6]:font-normal [&amp;_h6]:leading-6 [&amp;_li]:mb-2 [&amp;_ol]:my-4 [&amp;_ol]:list-decimal [&amp;_ol]:pl-6 [&amp;_ul]:my-4 [&amp;_ul]:list-disc [&amp;_ul]:pl-6\">\n<ul>\n<li>\n<p><strong>Chivas vs. Tigres | 19:07 horas | Estadio Akron<\/strong><\/p>\n<\/li>\n<li>\n<p><strong>Cruz Azul vs. Atlas| 21:15 horas | Estadio Banorte<\/strong><\/p>\n<\/li>\n<\/ul>\n<\/div>\n<div class=\"mx-auto w-full font-default text-lg font-normal leading-7 text-neutral-800 sm:text-xl [&amp;_a:hover]:text-primary-700 [&amp;_a]:text-primary-500 [&amp;_a]:transition [&amp;_h2]:font-accent [&amp;_h2]:text-xl [&amp;_h2]:font-extrabold [&amp;_h2]:leading-7 sm:[&amp;_h2]:text-2xl sm:[&amp;_h2]:leading-8 [&amp;_h3]:font-accent [&amp;_h3]:text-lg [&amp;_h3]:font-extrabold [&amp;_h3]:leading-7 [&amp;_h4]:font-accent [&amp;_h4]:text-base [&amp;_h4]:font-extrabold [&amp;_h4]:leading-6 [&amp;_h5]:font-accent [&amp;_h5]:text-base [&amp;_h5]:font-bold [&amp;_h5]:leading-6 [&amp;_h6]:font-accent [&amp;_h6]:text-base [&amp;_h6]:font-normal [&amp;_h6]:leading-6 [&amp;_li]:mb-2 [&amp;_ol]:my-4 [&amp;_ol]:list-decimal [&amp;_ol]:pl-6 [&amp;_ul]:my-4 [&amp;_ul]:list-disc [&amp;_ul]:pl-6\">\n<p><strong>Domingo 10 de mayo<\/strong><\/p>\n<ul>\n<li>\n<p><strong>Pachuca vs. Toluca | 17:00 horas | Estadio Hidalgo<\/strong><\/p>\n<\/li>\n<li>\n<p><strong>Pumas vs. Am\u00e9rica| 19:15 horas | Estadio Ol\u00edmpico Universitario<\/strong><\/p>\n<\/li>\n<\/ul>\n<\/div>\n<\/section>\n<\/div>\n","protected":false},"excerpt":{"rendered":"<p>Comienza la Fiesta Grande del futbol mexicano La fase definitiva de la\u00a0Liga MX\u00a0ha quedado establecida. Tras concluir la<\/p>\n","protected":false},"author":1,"featured_media":67478,"comment_status":"open","ping_status":"closed","sticky":false,"template":"","format":"standard","meta":{"footnotes":""},"categories":[12],"tags":[],"class_list":["post-67479","post","type-post","status-publish","format-standard","has-post-thumbnail","hentry","category-deportes"],"_links":{"self":[{"href":"https:\/\/www.deportivo800.com\/index.php?rest_route=\/wp\/v2\/posts\/67479","targetHints":{"allow":["GET"]}}],"collection":[{"href":"https:\/\/www.deportivo800.com\/index.php?rest_route=\/wp\/v2\/posts"}],"about":[{"href":"https:\/\/www.deportivo800.com\/index.php?rest_route=\/wp\/v2\/types\/post"}],"author":[{"embeddable":true,"href":"https:\/\/www.deportivo800.com\/index.php?rest_route=\/wp\/v2\/users\/1"}],"replies":[{"embeddable":true,"href":"https:\/\/www.deportivo800.com\/index.php?rest_route=%2Fwp%2Fv2%2Fcomments&post=67479"}],"version-history":[{"count":0,"href":"https:\/\/www.deportivo800.com\/index.php?rest_route=\/wp\/v2\/posts\/67479\/revisions"}],"wp:featuredmedia":[{"embeddable":true,"href":"https:\/\/www.deportivo800.com\/index.php?rest_route=\/wp\/v2\/media\/67478"}],"wp:attachment":[{"href":"https:\/\/www.deportivo800.com\/index.php?rest_route=%2Fwp%2Fv2%2Fmedia&parent=67479"}],"wp:term":[{"taxonomy":"category","embeddable":true,"href":"https:\/\/www.deportivo800.com\/index.php?rest_route=%2Fwp%2Fv2%2Fcategories&post=67479"},{"taxonomy":"post_tag","embeddable":true,"href":"https:\/\/www.deportivo800.com\/index.php?rest_route=%2Fwp%2Fv2%2Ftags&post=67479"}],"curies":[{"name":"wp","href":"https:\/\/api.w.org\/{rel}","templated":true}]}}