{"id":67477,"date":"2026-04-27T18:57:45","date_gmt":"2026-04-27T18:57:45","guid":{"rendered":"https:\/\/www.deportivo800.com\/?p=67477"},"modified":"2026-04-27T18:57:45","modified_gmt":"2026-04-27T18:57:45","slug":"karateca-juarense-es-convocado-a-la-seleccion-nacional","status":"publish","type":"post","link":"https:\/\/www.deportivo800.com\/?p=67477","title":{"rendered":"KARATECA JUARENSE ES CONVOCADO A LA SELECCION NACIONAL"},"content":{"rendered":"<p>El talento deportivo de Ciudad Ju\u00e1rez sigue destacando a nivel nacional, en esta ocasi\u00f3n, el joven karateka Iker Daniel Corral Lepure, ha sido oficialmente convocado por la Federaci\u00f3n Mexicana de Karate WKF para integrar la Selecci\u00f3n Nacional de M\u00e9xico.<\/p>\n<p><a href=\"https:\/\/www.deportivo800.com\/wp-content\/uploads\/2026\/04\/4ebb05d1-4fa6-4d69-a445-0a44e87c7636.jpg\"><img loading=\"lazy\" decoding=\"async\" class=\"aligncenter size-full wp-image-409559\" src=\"https:\/\/www.deportivo800.com\/wp-content\/uploads\/2026\/04\/4ebb05d1-4fa6-4d69-a445-0a44e87c7636.jpg\" alt=\"\" width=\"1600\" height=\"1066\" \/><\/a><\/p>\n<p>Esta convocatoria le permitir\u00e1 representar al pa\u00eds en el Campeonato de Karate Grand Winner 2026, un evento internacional que re\u00fane a los mejores competidores de Centroam\u00e9rica y el Caribe.<\/p>\n<p>El Campeonato de Karate Grand Winner 2026, se llevar\u00e1 a cabo en la Ciudad de M\u00e9xico del 29 de abril al 3 de mayo de 2026, Iker, competir\u00e1 en la categor\u00eda U14 Kumite (combate) varonil -55 kg.<\/p>\n<p>La convocatoria destaca no solo el nivel competitivo del atleta, sino tambi\u00e9n su disciplina, constancia y desarrollo t\u00e9cnico, cualidades fundamentales dentro del karate moderno bajo reglamento WKF.<\/p>\n<p>Iker Daniel forma parte de la Asociaci\u00f3n Estatal de Karate de Chihuahua, consolid\u00e1ndose como uno de los talentos juveniles con mayor proyecci\u00f3n en la entidad.<\/p>\n<p>El torneo Grand Winner es considerado una plataforma clave para el desarrollo internacional de j\u00f3venes karatekas, ya que permite fogueo contra atletas de alto nivel internacional, sirve como vitrina para futuros eventos continentales y mundiales y fortalece la experiencia competitiva en escenarios oficiales WKF.<\/p>\n","protected":false},"excerpt":{"rendered":"<p>El talento deportivo de Ciudad Ju\u00e1rez sigue destacando a nivel nacional, en esta ocasi\u00f3n, el joven karateka Iker<\/p>\n","protected":false},"author":1,"featured_media":67476,"comment_status":"open","ping_status":"closed","sticky":false,"template":"","format":"standard","meta":{"footnotes":""},"categories":[12],"tags":[],"class_list":["post-67477","post","type-post","status-publish","format-standard","has-post-thumbnail","hentry","category-deportes"],"_links":{"self":[{"href":"https:\/\/www.deportivo800.com\/index.php?rest_route=\/wp\/v2\/posts\/67477","targetHints":{"allow":["GET"]}}],"collection":[{"href":"https:\/\/www.deportivo800.com\/index.php?rest_route=\/wp\/v2\/posts"}],"about":[{"href":"https:\/\/www.deportivo800.com\/index.php?rest_route=\/wp\/v2\/types\/post"}],"author":[{"embeddable":true,"href":"https:\/\/www.deportivo800.com\/index.php?rest_route=\/wp\/v2\/users\/1"}],"replies":[{"embeddable":true,"href":"https:\/\/www.deportivo800.com\/index.php?rest_route=%2Fwp%2Fv2%2Fcomments&post=67477"}],"version-history":[{"count":0,"href":"https:\/\/www.deportivo800.com\/index.php?rest_route=\/wp\/v2\/posts\/67477\/revisions"}],"wp:featuredmedia":[{"embeddable":true,"href":"https:\/\/www.deportivo800.com\/index.php?rest_route=\/wp\/v2\/media\/67476"}],"wp:attachment":[{"href":"https:\/\/www.deportivo800.com\/index.php?rest_route=%2Fwp%2Fv2%2Fmedia&parent=67477"}],"wp:term":[{"taxonomy":"category","embeddable":true,"href":"https:\/\/www.deportivo800.com\/index.php?rest_route=%2Fwp%2Fv2%2Fcategories&post=67477"},{"taxonomy":"post_tag","embeddable":true,"href":"https:\/\/www.deportivo800.com\/index.php?rest_route=%2Fwp%2Fv2%2Ftags&post=67477"}],"curies":[{"name":"wp","href":"https:\/\/api.w.org\/{rel}","templated":true}]}}