{"id":67473,"date":"2026-04-27T18:28:10","date_gmt":"2026-04-27T18:28:10","guid":{"rendered":"https:\/\/www.deportivo800.com\/?p=67473"},"modified":"2026-04-27T18:28:10","modified_gmt":"2026-04-27T18:28:10","slug":"cuerdas-al-ritmo-de-mozart","status":"publish","type":"post","link":"https:\/\/www.deportivo800.com\/?p=67473","title":{"rendered":"CUERDAS AL RITMO DE MOZART"},"content":{"rendered":"<h3 class=\"wp-block-heading\"><strong>El Ensamble Cl\u00e1sico de Cuerdas UACJ ofreci\u00f3 al p\u00fablico fronterizo el concierto \u201cMozart, m\u00fasica y travesuras\u201d<\/strong><\/h3>\n<p><a href=\"https:\/\/www.deportivo800.com\/wp-content\/uploads\/2026\/04\/ENSAMBLE-CLASICO-DE-CUERDAS-UACJ2-1140x570.jpg\"><img loading=\"lazy\" decoding=\"async\" class=\"aligncenter size-full wp-image-409556\" src=\"https:\/\/www.deportivo800.com\/wp-content\/uploads\/2026\/04\/ENSAMBLE-CLASICO-DE-CUERDAS-UACJ2-1140x570.jpg\" alt=\"\" width=\"1140\" height=\"570\" \/><\/a><\/p>\n<p>\u00a0La tarde del 26 de abril el p\u00fablico fronterizo se reuni\u00f3 en la Sala de Usos M\u00faltiples, del Centro Cultural Universitario (CCU), para adentrarse en un viaje musical lleno de magia. En esta ocasi\u00f3n el<strong>\u00a0Ensamble Cl\u00e1sico de Cuerdas<\/strong>\u00a0interpret\u00f3 el\u00a0<strong>concierto \u201cMozart, m\u00fasica y travesuras\u201d<\/strong>.<\/p>\n<p>Este Ensamble conformado por Margarita Vargas Carrillo (violonchelo), Roberto Jurado (viol\u00edn) y Jos\u00e9 Ernesto P\u00e9rez (contrabajo) le dieron vida a las catorce piezas musicales que conformaron el programa de este concierto. Entre ellas Scherzo Nr.32 (Nannerl), Minuet y Trio Nr.18, Andante en Do K. 1a, Sinfon\u00eda No. 1\u00a0 K.16,\u00a0 Polonesa 2 Op. 1, Minueto en Do K.5, ente otras.<\/p>\n<p>Este fue un concierto caracterizado por la elocuencia, el equilibrio, la simetr\u00eda y la magia durante la velada musical. La importancia de que estos espacios se difundan en la comunidad radica en<em>\u00a0\u201cmantener viva la m\u00fasica cl\u00e1sica en la escena Juarense\u201d<\/em>, puntualiz\u00f3 Jorge Alejandro Barajas Cortes, de la jefatura de Proyectos Orquestales.\u00a0<\/p>\n<p>La Universidad Aut\u00f3noma de Ciudad Juarez promueve e invita a la comunidad fronteriza a participar en estos espacios culturales, pues una gran cantidad de ellos se realizan de manera gratuita y para todo tipo de p\u00fablicos.<\/p>\n<h5 class=\"wp-block-heading\"><strong>\u00bfQui\u00e9n es Mozart?<\/strong><\/h5>\n<p>Wolfgang\u00a0Amadeus Mozart, conocido como \u201cMozart\u201d, fue un pianista, compositor y director de orquesta austriaco. Es considerado maestro del clasicismo y uno de los m\u00fasicos m\u00e1s influyentes de la historia.<\/p>\n<p>Creador de grandes obras como:\u00a0<\/p>\n<ul class=\"wp-block-list\">\n<li><strong>Sinfon\u00eda No. 41, \u00abJ\u00fapiter\u00bb<\/strong><\/li>\n<li><strong>La flauta m\u00e1gica<\/strong><\/li>\n<li><strong>\u00a0Marcha turca \u2013 Sonata n.\u00ba\u00a011<\/strong><\/li>\n<li><strong>Las bodas de F\u00edgaro<\/strong><\/li>\n<li><strong>Serenata n.\u00b0 13 en sol mayor<\/strong><\/li>\n<\/ul>\n","protected":false},"excerpt":{"rendered":"<p>El Ensamble Cl\u00e1sico de Cuerdas UACJ ofreci\u00f3 al p\u00fablico fronterizo el concierto \u201cMozart, m\u00fasica y travesuras\u201d \u00a0La tarde<\/p>\n","protected":false},"author":1,"featured_media":67472,"comment_status":"open","ping_status":"closed","sticky":false,"template":"","format":"standard","meta":{"footnotes":""},"categories":[51],"tags":[],"class_list":["post-67473","post","type-post","status-publish","format-standard","has-post-thumbnail","hentry","category-actualidad"],"_links":{"self":[{"href":"https:\/\/www.deportivo800.com\/index.php?rest_route=\/wp\/v2\/posts\/67473","targetHints":{"allow":["GET"]}}],"collection":[{"href":"https:\/\/www.deportivo800.com\/index.php?rest_route=\/wp\/v2\/posts"}],"about":[{"href":"https:\/\/www.deportivo800.com\/index.php?rest_route=\/wp\/v2\/types\/post"}],"author":[{"embeddable":true,"href":"https:\/\/www.deportivo800.com\/index.php?rest_route=\/wp\/v2\/users\/1"}],"replies":[{"embeddable":true,"href":"https:\/\/www.deportivo800.com\/index.php?rest_route=%2Fwp%2Fv2%2Fcomments&post=67473"}],"version-history":[{"count":0,"href":"https:\/\/www.deportivo800.com\/index.php?rest_route=\/wp\/v2\/posts\/67473\/revisions"}],"wp:featuredmedia":[{"embeddable":true,"href":"https:\/\/www.deportivo800.com\/index.php?rest_route=\/wp\/v2\/media\/67472"}],"wp:attachment":[{"href":"https:\/\/www.deportivo800.com\/index.php?rest_route=%2Fwp%2Fv2%2Fmedia&parent=67473"}],"wp:term":[{"taxonomy":"category","embeddable":true,"href":"https:\/\/www.deportivo800.com\/index.php?rest_route=%2Fwp%2Fv2%2Fcategories&post=67473"},{"taxonomy":"post_tag","embeddable":true,"href":"https:\/\/www.deportivo800.com\/index.php?rest_route=%2Fwp%2Fv2%2Ftags&post=67473"}],"curies":[{"name":"wp","href":"https:\/\/api.w.org\/{rel}","templated":true}]}}