{"id":67467,"date":"2026-04-27T16:48:33","date_gmt":"2026-04-27T16:48:33","guid":{"rendered":"https:\/\/www.deportivo800.com\/?p=67467"},"modified":"2026-04-27T16:48:33","modified_gmt":"2026-04-27T16:48:33","slug":"consiguen-juarenses-tres-medallas-en-nacional-g3","status":"publish","type":"post","link":"https:\/\/www.deportivo800.com\/?p=67467","title":{"rendered":"CONSIGUEN JUARENSES TRES MEDALLAS EN NACIONAL G3"},"content":{"rendered":"<p>Los fronterizos Victoria Arreola, Karim Rodr\u00edguez y \u00c1ngela Valenzuela consiguieron alzarse con medallas nacionales en el Campeonato G3 realizado en la Ciudad de M\u00e9xico el pasado fin de semana.<\/p>\n<p><a href=\"https:\/\/www.deportivo800.com\/wp-content\/uploads\/2026\/04\/2b1f1e83-278d-4b4e-96b5-57c87fa52295.jpg\"><img loading=\"lazy\" decoding=\"async\" class=\"aligncenter size-full wp-image-409539\" src=\"https:\/\/www.deportivo800.com\/wp-content\/uploads\/2026\/04\/2b1f1e83-278d-4b4e-96b5-57c87fa52295.jpg\" alt=\"\" width=\"1600\" height=\"1107\" \/><\/a><\/p>\n<p>Victoria Arreola se consagr\u00f3 campeona al ganar oro en los -30 kg infantil, una de las categor\u00edas con m\u00e1s competidores en las gr\u00e1ficas, por su parte, Karim Rodr\u00edguez, tambi\u00e9n con una gr\u00e1fica muy dif\u00edcil, se llev\u00f3 el bronce en los -27 kg infantil, demostrando el gran momento que vive el peque\u00f1o fronterizo, mientras que \u00c1ngela Valenzuela se adjudic\u00f3 el bronce en -53 kg adulto.<\/p>\n<p>Este importante evento nacional les permiti\u00f3 sumar puntos en el ranking, adem\u00e1s de foguearse con los mejores competidores del pa\u00eds y seguir creciendo en su proceso deportivo rumbo a eventos nacionales e internacionales. Victoria Arreola se llev\u00f3 30 puntos (100% de los puntos), el 2do Lugar 18 puntos (60% de los puntos del 1er lugar), mientras que Karim Rodr\u00edguez y \u00c1ngela Valenzuela sumaron 10.8 puntos (60% de los puntos del 2do lugar).<\/p>\n<p>Los fronterizos que asistieron a este importante evento, ahora se enfocar\u00e1n en su siguiente competencia, la Olimpiada Nacional CONADE 2026 que se llevar\u00e1 a cabo del 14 al 23 de mayo, con Formas (10-11 y 12-14): 15 de mayo, Formas (15-17 y 18-20): 16 de mayo, Combate (10-11 y 12-14): 18 al 20 de mayo y Combate (15-17 y 18-20): 21 al 23 de mayo.<\/p>\n","protected":false},"excerpt":{"rendered":"<p>Los fronterizos Victoria Arreola, Karim Rodr\u00edguez y \u00c1ngela Valenzuela consiguieron alzarse con medallas nacionales en el Campeonato G3<\/p>\n","protected":false},"author":1,"featured_media":67466,"comment_status":"open","ping_status":"closed","sticky":false,"template":"","format":"standard","meta":{"footnotes":""},"categories":[12],"tags":[],"class_list":["post-67467","post","type-post","status-publish","format-standard","has-post-thumbnail","hentry","category-deportes"],"_links":{"self":[{"href":"https:\/\/www.deportivo800.com\/index.php?rest_route=\/wp\/v2\/posts\/67467","targetHints":{"allow":["GET"]}}],"collection":[{"href":"https:\/\/www.deportivo800.com\/index.php?rest_route=\/wp\/v2\/posts"}],"about":[{"href":"https:\/\/www.deportivo800.com\/index.php?rest_route=\/wp\/v2\/types\/post"}],"author":[{"embeddable":true,"href":"https:\/\/www.deportivo800.com\/index.php?rest_route=\/wp\/v2\/users\/1"}],"replies":[{"embeddable":true,"href":"https:\/\/www.deportivo800.com\/index.php?rest_route=%2Fwp%2Fv2%2Fcomments&post=67467"}],"version-history":[{"count":0,"href":"https:\/\/www.deportivo800.com\/index.php?rest_route=\/wp\/v2\/posts\/67467\/revisions"}],"wp:featuredmedia":[{"embeddable":true,"href":"https:\/\/www.deportivo800.com\/index.php?rest_route=\/wp\/v2\/media\/67466"}],"wp:attachment":[{"href":"https:\/\/www.deportivo800.com\/index.php?rest_route=%2Fwp%2Fv2%2Fmedia&parent=67467"}],"wp:term":[{"taxonomy":"category","embeddable":true,"href":"https:\/\/www.deportivo800.com\/index.php?rest_route=%2Fwp%2Fv2%2Fcategories&post=67467"},{"taxonomy":"post_tag","embeddable":true,"href":"https:\/\/www.deportivo800.com\/index.php?rest_route=%2Fwp%2Fv2%2Ftags&post=67467"}],"curies":[{"name":"wp","href":"https:\/\/api.w.org\/{rel}","templated":true}]}}