{"id":67431,"date":"2026-04-25T02:41:05","date_gmt":"2026-04-25T02:41:05","guid":{"rendered":"https:\/\/www.deportivo800.com\/?p=67431"},"modified":"2026-04-25T02:41:05","modified_gmt":"2026-04-25T02:41:05","slug":"un-espejo-para-reflexionar-sobre-migraciones-y-sus-derechos","status":"publish","type":"post","link":"https:\/\/www.deportivo800.com\/?p=67431","title":{"rendered":"UN ESPEJO PARA REFLEXIONAR SOBRE MIGRACIONES Y SUS DERECHOS"},"content":{"rendered":"<p>Balam Rodrigo presenta \u00c1lbum familiar centroamericano<\/p>\n<p><a href=\"https:\/\/www.deportivo800.com\/wp-content\/uploads\/2026\/04\/Album-familiar-centroamericano10-750x375.jpg\"><img loading=\"lazy\" decoding=\"async\" class=\"aligncenter size-full wp-image-409418\" src=\"https:\/\/www.deportivo800.com\/wp-content\/uploads\/2026\/04\/Album-familiar-centroamericano10-750x375.jpg\" alt=\"\" width=\"750\" height=\"375\" \/><\/a><\/p>\n<p>La fiesta de los libros de la Universidad Aut\u00f3noma de Ciudad Ju\u00e1rez (UACJ) dio foro a la presentaci\u00f3n del libro\u00a0<em>\u00c1lbum familiar centroamericano<\/em>, desde la Librer\u00eda Universitaria del CCF durante este 24 de abril.<\/p>\n<p>Balam Rodrigo es un talentoso escritor que ha documentado una gran cantidad de historias relacionadas a la migraci\u00f3n, entre ellas algunas de esperanza, de sue\u00f1os, otras amargas, pues son el retrato de la violencia y la falta de garant\u00edas que han experimentado las personas en tr\u00e1nsito; su cercan\u00eda con la realidad tambi\u00e9n lo ha llevado a trabajar en la defensa de migrantes y personas migrantes v\u00edctimas de desaparici\u00f3n forzada.<\/p>\n<p>\u201cEstoy contento de estar en la Fiesta de los Libros organizada por la UACJ en esta edici\u00f3n 2026, soy originario de Chiapas, radico en San Crist\u00f3bal de las Casas y desde all\u00e1 traje mi tambache de libros y de palabras, y un taller que tiene que ver con la poes\u00eda y el futbol; adem\u00e1s voy a presentar un par de libros\u201d, se present\u00f3 el autor.<\/p>\n<p><em><img loading=\"lazy\" decoding=\"async\" class=\"size-medium wp-image-96884 alignleft\" src=\"https:\/\/comunica.uacj.mx\/wp-content\/uploads\/2026\/04\/Album-familiar-centroamericano11-225x300.jpg\" sizes=\"auto, (max-width: 225px) 100vw, 225px\" srcset=\"https:\/\/comunica.uacj.mx\/wp-content\/uploads\/2026\/04\/Album-familiar-centroamericano11-225x300.jpg 225w, https:\/\/comunica.uacj.mx\/wp-content\/uploads\/2026\/04\/Album-familiar-centroamericano11-768x1024.jpg 768w, https:\/\/comunica.uacj.mx\/wp-content\/uploads\/2026\/04\/Album-familiar-centroamericano11-1152x1536.jpg 1152w, https:\/\/comunica.uacj.mx\/wp-content\/uploads\/2026\/04\/Album-familiar-centroamericano11-500x667.jpg 500w, https:\/\/comunica.uacj.mx\/wp-content\/uploads\/2026\/04\/Album-familiar-centroamericano11-800x1067.jpg 800w, https:\/\/comunica.uacj.mx\/wp-content\/uploads\/2026\/04\/Album-familiar-centroamericano11-1280x1707.jpg 1280w, https:\/\/comunica.uacj.mx\/wp-content\/uploads\/2026\/04\/Album-familiar-centroamericano11-1320x1760.jpg 1320w, https:\/\/comunica.uacj.mx\/wp-content\/uploads\/2026\/04\/Album-familiar-centroamericano11-750x1000.jpg 750w, https:\/\/comunica.uacj.mx\/wp-content\/uploads\/2026\/04\/Album-familiar-centroamericano11-1140x1520.jpg 1140w, https:\/\/comunica.uacj.mx\/wp-content\/uploads\/2026\/04\/Album-familiar-centroamericano11.jpg 1440w\" alt=\"\" width=\"225\" height=\"300\" data-pin-no-hover=\"true\" \/><\/em>\u00c1lbum familiar centroamericano se public\u00f3 en Guatemala, su g\u00e9nero principal es la poes\u00eda y toma evidencia del trabajo de Balam con las personas en tr\u00e1nsito desde Centroam\u00e9rica que atraviesan el pa\u00eds para llegar a la frontera; este texto es una compilaci\u00f3n de tres de sus libros:\u00a0<em>El ta\u00f1edor de cad\u00e1veres, Libro centroamericano de los muertos y Marabunta.<\/em><\/p>\n<p>\u00c9l lo describe como un \u201clibro de poes\u00eda testimonial\u201d.<\/p>\n<p>Rodrigo asegura que desde finales de los a\u00f1os 40 las personas de Centroam\u00e9rica, por razones pol\u00edticas, econ\u00f3micas y otras violencias, migraban ya a Chiapas, al sur de M\u00e9xico y al centro del pa\u00eds en exilios y refugios. Sus libros dan testimonio desde la d\u00e9cada de los 70 hasta las primeras d\u00e9cadas de este siglo.<\/p>\n<p>Los poemas, as\u00ed como sus personajes, son distintos: desde ni\u00f1os y ni\u00f1as que migran, personas ind\u00edgenas de distintos or\u00edgenes, de distintas etnias, distintos sectores econ\u00f3micos y de distintas geograf\u00edas.<\/p>\n<p><em><img loading=\"lazy\" decoding=\"async\" class=\"size-medium wp-image-96887 alignright\" src=\"https:\/\/comunica.uacj.mx\/wp-content\/uploads\/2026\/04\/Album-familiar-centroamericano7-225x300.jpg\" sizes=\"auto, (max-width: 225px) 100vw, 225px\" srcset=\"https:\/\/comunica.uacj.mx\/wp-content\/uploads\/2026\/04\/Album-familiar-centroamericano7-225x300.jpg 225w, https:\/\/comunica.uacj.mx\/wp-content\/uploads\/2026\/04\/Album-familiar-centroamericano7-768x1024.jpg 768w, https:\/\/comunica.uacj.mx\/wp-content\/uploads\/2026\/04\/Album-familiar-centroamericano7-1152x1536.jpg 1152w, https:\/\/comunica.uacj.mx\/wp-content\/uploads\/2026\/04\/Album-familiar-centroamericano7-500x667.jpg 500w, https:\/\/comunica.uacj.mx\/wp-content\/uploads\/2026\/04\/Album-familiar-centroamericano7-800x1067.jpg 800w, https:\/\/comunica.uacj.mx\/wp-content\/uploads\/2026\/04\/Album-familiar-centroamericano7-1280x1707.jpg 1280w, https:\/\/comunica.uacj.mx\/wp-content\/uploads\/2026\/04\/Album-familiar-centroamericano7-1320x1760.jpg 1320w, https:\/\/comunica.uacj.mx\/wp-content\/uploads\/2026\/04\/Album-familiar-centroamericano7-750x1000.jpg 750w, https:\/\/comunica.uacj.mx\/wp-content\/uploads\/2026\/04\/Album-familiar-centroamericano7-1140x1520.jpg 1140w, https:\/\/comunica.uacj.mx\/wp-content\/uploads\/2026\/04\/Album-familiar-centroamericano7.jpg 1440w\" alt=\"\" width=\"225\" height=\"300\" data-pin-no-hover=\"true\" \/><\/em>\u201cHablo del tr\u00e1nsito, tambi\u00e9n de la frontera sur, de la frontera norte y de muchas y muchos migrantes sobre todo que sufren distintos tipos de violencia en su tr\u00e1nsito y en su caminar por M\u00e9xico\u201d.<\/p>\n<p>Este libro es una reflexi\u00f3n; los asistentes que escucharon la lectura de algunos de los poemas de Balam visibilizaron en su rostro las m\u00faltiples emociones de las palabras que generaron eco. Tambi\u00e9n es un llamado a tratar con humanidad, recibir con fraternidad, evitar la discriminaci\u00f3n y la xenofobia.<\/p>\n<p>\u201cQue cualquier persona que escuche sobre estos poemas pueda imaginarse su propio \u00e1lbum familiar y en lugar de que esas personas migrantes lo integren, cambie esos rostros por los propios rostros, los de uno mismo, los de la familia, los de los hijos; lo que intento hacer en este \u00e1lbum familiar es que sea un espejo en el que veamos el propio rostro, la propia humanidad\u201d.<\/p>\n","protected":false},"excerpt":{"rendered":"<p>Balam Rodrigo presenta \u00c1lbum familiar centroamericano La fiesta de los libros de la Universidad Aut\u00f3noma de Ciudad Ju\u00e1rez<\/p>\n","protected":false},"author":1,"featured_media":67430,"comment_status":"open","ping_status":"closed","sticky":false,"template":"","format":"standard","meta":{"footnotes":""},"categories":[51],"tags":[],"class_list":["post-67431","post","type-post","status-publish","format-standard","has-post-thumbnail","hentry","category-actualidad"],"_links":{"self":[{"href":"https:\/\/www.deportivo800.com\/index.php?rest_route=\/wp\/v2\/posts\/67431","targetHints":{"allow":["GET"]}}],"collection":[{"href":"https:\/\/www.deportivo800.com\/index.php?rest_route=\/wp\/v2\/posts"}],"about":[{"href":"https:\/\/www.deportivo800.com\/index.php?rest_route=\/wp\/v2\/types\/post"}],"author":[{"embeddable":true,"href":"https:\/\/www.deportivo800.com\/index.php?rest_route=\/wp\/v2\/users\/1"}],"replies":[{"embeddable":true,"href":"https:\/\/www.deportivo800.com\/index.php?rest_route=%2Fwp%2Fv2%2Fcomments&post=67431"}],"version-history":[{"count":0,"href":"https:\/\/www.deportivo800.com\/index.php?rest_route=\/wp\/v2\/posts\/67431\/revisions"}],"wp:featuredmedia":[{"embeddable":true,"href":"https:\/\/www.deportivo800.com\/index.php?rest_route=\/wp\/v2\/media\/67430"}],"wp:attachment":[{"href":"https:\/\/www.deportivo800.com\/index.php?rest_route=%2Fwp%2Fv2%2Fmedia&parent=67431"}],"wp:term":[{"taxonomy":"category","embeddable":true,"href":"https:\/\/www.deportivo800.com\/index.php?rest_route=%2Fwp%2Fv2%2Fcategories&post=67431"},{"taxonomy":"post_tag","embeddable":true,"href":"https:\/\/www.deportivo800.com\/index.php?rest_route=%2Fwp%2Fv2%2Ftags&post=67431"}],"curies":[{"name":"wp","href":"https:\/\/api.w.org\/{rel}","templated":true}]}}