{"id":67427,"date":"2026-04-25T02:30:47","date_gmt":"2026-04-25T02:30:47","guid":{"rendered":"https:\/\/www.deportivo800.com\/?p=67427"},"modified":"2026-04-25T02:30:47","modified_gmt":"2026-04-25T02:30:47","slug":"una-alianza-que-suma","status":"publish","type":"post","link":"https:\/\/www.deportivo800.com\/?p=67427","title":{"rendered":"UNA ALIANZA QUE SUMA"},"content":{"rendered":"<p>UACJ y OMCA unen talento y experiencia<\/p>\n<p><a href=\"https:\/\/www.deportivo800.com\/wp-content\/uploads\/2026\/04\/omcadestacada2-1140x570.jpg\"><img loading=\"lazy\" decoding=\"async\" class=\"aligncenter size-full wp-image-409415\" src=\"https:\/\/www.deportivo800.com\/wp-content\/uploads\/2026\/04\/omcadestacada2-1140x570.jpg\" alt=\"\" width=\"1140\" height=\"570\" \/><\/a><\/p>\n<p>La lista de aliados a esta casa de estudios, comprometidos en la profesionalizaci\u00f3n y al apoyo a la sociedad en general, sigue en crecimiento.<\/p>\n<p>Y en esta ocasi\u00f3n, la Orden Mexicana, Colegio de la Abogac\u00eda A. C., mejor conocido como OMCA, se uni\u00f3 a la Universidad Aut\u00f3noma de Ciudad Ju\u00e1rez (UACJ) para, entre ambos, impulsar sus propios intereses acad\u00e9micos, profesionales y sociales.<\/p>\n<p>La licenciada Cristina Vizcaino D\u00edaz, presidenta nacional de la OMCA, y el doctor Daniel Alberto Constandse Cortez, rector de esta de estudios, encabezaron el encuentro de esta alianza estrat\u00e9gica.<\/p>\n<p>Durante la reuni\u00f3n tambi\u00e9n participaron autoridades universitarias y de la Orden Mexicana.<\/p>\n<p>La presidenta nacional de la OMCA, en su discurso, reconoci\u00f3 el gran talento que la Universidad Aut\u00f3noma de Ciudad Ju\u00e1rez tiene acad\u00e9micamente, sobre todo en temas internacionales, migratorios, mercantiles y laborales. \u201cCon la firma de este convenio de colaboraci\u00f3n, para nosotros, la UACJ es nuestra hermana\u201d<\/p>\n<p>\u201cLa verdad estoy muy feliz de estar firmando este convenio de colaboraci\u00f3n. Y creo que ser\u00e1 un convenio que va a traer muchos proyectos de mucho beneficio. Nos van a ayudar mucho en todo; nos vamos a ayudar de manera mutua en el desarrollo de muchos proyectos\u201d, expres\u00f3 la presidenta nacional de la OMCA.<\/p>\n<p>Por su parte, el rector de esta casa de estudios agradeci\u00f3 el inter\u00e9s de dicho colegio por acercarse a la Universidad para formar parte de una alianza, de las que, asegur\u00f3, siempre dejan cosas buenas.<\/p>\n<p>Asegur\u00f3 el doctor Constandse que el personal de la Universidad est\u00e1 en la mejor disposici\u00f3n de apoyar al colegio \u201cy poder lograr un ganar-ganar. Que, al final del d\u00eda, nuestros estudiantes, participen en algunas actividades con ustedes. Que nuestros profesores participen con ustedes. Y, nosotros, ofrecerles todo lo que tenemos en la Universidad\u201d.<\/p>\n<p>A esta firma de convenio estuvieron presentes, por parte de la Orden Mexicana, Colegio de la Abogac\u00eda (OMCA), su presidenta nacional, la licenciada Cristina Vizcaino D\u00edaz, y su presidente en la secci\u00f3n Chihuahua, el maestro Oscar Luis Acosta Garc\u00eda.<\/p>\n<p>Por parte de la Universidad, asistieron el rector, el doctor Daniel Alberto Constandse Cortez; el doctor Salvador David Nava Mart\u00ednez, secretario general; la secretaria Acad\u00e9mica, la maestra Guadalupe Gayt\u00e1n Aguirre; el director del Instituto de Ciencias Sociales y Administraci\u00f3n, el doctor Jes\u00fas Meza Vega; el abogado general, el doctor Ren\u00e9 Javier Soto Cavazos; la directora general de Vinculaci\u00f3n, Intercambio y Responsabilidad Social, la maestra Kathya Yazm\u00edn S\u00e1nchez, P\u00e9rez; el director general de Comunicaci\u00f3n Universitaria, el maestro Armando Rodr\u00edguez Hern\u00e1ndez; y el subdirector de Vinculaci\u00f3n, el doctor Erick S\u00e1nchez Flores.<\/p>\n","protected":false},"excerpt":{"rendered":"<p>UACJ y OMCA unen talento y experiencia La lista de aliados a esta casa de estudios, comprometidos en<\/p>\n","protected":false},"author":1,"featured_media":67426,"comment_status":"open","ping_status":"closed","sticky":false,"template":"","format":"standard","meta":{"footnotes":""},"categories":[51],"tags":[],"class_list":["post-67427","post","type-post","status-publish","format-standard","has-post-thumbnail","hentry","category-actualidad"],"_links":{"self":[{"href":"https:\/\/www.deportivo800.com\/index.php?rest_route=\/wp\/v2\/posts\/67427","targetHints":{"allow":["GET"]}}],"collection":[{"href":"https:\/\/www.deportivo800.com\/index.php?rest_route=\/wp\/v2\/posts"}],"about":[{"href":"https:\/\/www.deportivo800.com\/index.php?rest_route=\/wp\/v2\/types\/post"}],"author":[{"embeddable":true,"href":"https:\/\/www.deportivo800.com\/index.php?rest_route=\/wp\/v2\/users\/1"}],"replies":[{"embeddable":true,"href":"https:\/\/www.deportivo800.com\/index.php?rest_route=%2Fwp%2Fv2%2Fcomments&post=67427"}],"version-history":[{"count":0,"href":"https:\/\/www.deportivo800.com\/index.php?rest_route=\/wp\/v2\/posts\/67427\/revisions"}],"wp:featuredmedia":[{"embeddable":true,"href":"https:\/\/www.deportivo800.com\/index.php?rest_route=\/wp\/v2\/media\/67426"}],"wp:attachment":[{"href":"https:\/\/www.deportivo800.com\/index.php?rest_route=%2Fwp%2Fv2%2Fmedia&parent=67427"}],"wp:term":[{"taxonomy":"category","embeddable":true,"href":"https:\/\/www.deportivo800.com\/index.php?rest_route=%2Fwp%2Fv2%2Fcategories&post=67427"},{"taxonomy":"post_tag","embeddable":true,"href":"https:\/\/www.deportivo800.com\/index.php?rest_route=%2Fwp%2Fv2%2Ftags&post=67427"}],"curies":[{"name":"wp","href":"https:\/\/api.w.org\/{rel}","templated":true}]}}