{"id":67425,"date":"2026-04-25T02:26:04","date_gmt":"2026-04-25T02:26:04","guid":{"rendered":"https:\/\/www.deportivo800.com\/?p=67425"},"modified":"2026-04-25T02:26:04","modified_gmt":"2026-04-25T02:26:04","slug":"sexto-dia-de-actividades-10-anos-de-ccf","status":"publish","type":"post","link":"https:\/\/www.deportivo800.com\/?p=67425","title":{"rendered":"SEXTO DIA DE ACTIVIDADES: 10 A\u00d1OS DE CCF"},"content":{"rendered":"<h3 class=\"wp-block-heading\"><strong>Participan en los festejos del aniversario del Centro Cultural de las Fronteras con un panel de discusi\u00f3n, recorrido art\u00edstico y concierto musical<\/strong><\/h3>\n<figure class=\"wp-block-pullquote\">\n<blockquote>\n<p><a href=\"https:\/\/www.deportivo800.com\/wp-content\/uploads\/2026\/04\/Panel.-El-arte-como-punto-de-encuentro5-1140x570.jpg\"><img loading=\"lazy\" decoding=\"async\" class=\"aligncenter size-full wp-image-409413\" src=\"https:\/\/www.deportivo800.com\/wp-content\/uploads\/2026\/04\/Panel.-El-arte-como-punto-de-encuentro5-1140x570.jpg\" alt=\"\" width=\"1140\" height=\"570\" \/><\/a><\/p>\n<p>\u201cEl CCF es un oasis y un refugio para poder hacer arte. Aqu\u00ed se hace comunidad\u00bb<\/p>\n<\/blockquote>\n<\/figure>\n<p>Entre nostalgia y entusiasmo la comunidad juarense se reuni\u00f3 en el vest\u00edbulo principal del\u00a0<strong>Centro Cultural de las Fronteras (CCF)<\/strong>\u00a0para iniciar el sexto d\u00eda de actividades con el panel titulado<strong>\u00a0\u201cEl arte como punto de encuentro\u201d<\/strong>. En este espacio la maestra Cinthya Rodr\u00edguez Herrera, la maestra\u00a0Xitlhali\u00a0Trevi\u00f1o Herrera, el licenciado Ar\u00f3n Adri\u00e1n Venegas,\u00a0el maestro Jack Ro y la licenciada Araceli Hidalgo Lara\u00a0intervinieron en este di\u00e1logo para destacar la relevancia social, art\u00edstica, cultural e hist\u00f3rica que el arte desempe\u00f1a en la sociedad fronteriza.\u00a0<\/p>\n<p>El artista Jack Ro destac\u00f3 que desde sus \u00e1reas de estudios descubri\u00f3 que existe la necesidad de entender la herencia de la cultura del arte. A trav\u00e9s de datos hist\u00f3ricos\u00a0<em>\u201cnos dimos cuenta de que el arte forma parte de la cultura y de la sociedad, y no puede estar desvinculado a uno del otro porque el arte es esencial. Y he visto c\u00f3mo este edificio ha sido testigo de los cambios positivos. Los directivos han prestado mucha atenci\u00f3n a las observaciones que hacemos los artistas hacia la actividad cultural, y poco a poco se han transformando las necesidades de la cultura fronteriza\u201d<\/em>.<\/p>\n<p>Ar\u00f3n Adri\u00e1n Venegas comparti\u00f3 que desde su labor en el colectivo Al Borde ha promovido la idea de que la frontera es un punto de encuentro para explorar.\u00a0<em>\u201cDesde la geopol\u00edtica hay que utilizar las barreras que se presentan en una investigaci\u00f3n para generar im\u00e1genes, as\u00ed como conexiones con El Paso, Texas y otros lugares de Estados Unidos. Los encuentros y colaboraciones que hacemos representan puntos de encuentro tangibles\u201d<\/em>, ejemplific\u00f3.<\/p>\n<p>Desde la perspectiva educativa,\u00a0Xitlhali\u00a0Trevi\u00f1o Herrera expres\u00f3 su aprendizaje con infancias.<em>\u201cPara m\u00ed ha sido una gran oportunidad poder ense\u00f1ar a los ni\u00f1os a utilizar el barro, pinturas y darles ese fortalecimiento para que ellos crean en ellos mismos. Es un reto muy grande que me pongo para que ellos confiando en su propio trabajo, ya que algunos de ellos presentan padecimientos como ansiedad, se manifiestan t\u00edmidos, y por medio del arte yo les he ense\u00f1ado a ser fuertes y a creer en ellos\u201d<\/em>.<\/p>\n<p>Y desde la postura de la psicolog\u00eda se mencion\u00f3 que el arte puede funcionar como una herramienta.\u00a0<em>\u201cYo no soy artista pero sentido c\u00f3mo el arte es un canal de comunicaci\u00f3n para dialogar de manera honesta con los ni\u00f1os, que es la poblaci\u00f3n con la que me dedico a trabajar. Lo hago de manera privada y lo hago tambi\u00e9n impartiendo talleres, cursos. Aqu\u00ed en el centro cultural de las fronteras, pues he participado por varios a\u00f1os en los talleres, en los campamentos. Al utilizar el arte como herramienta los ni\u00f1os bajan sus niveles de resistencia y suceden cosas bonitas y honestas\u201d<\/em>, as\u00ed lo se\u00f1alo Cinthya Rodr\u00edguez Herrera.<\/p>\n<div class=\"wp-block-image\">\n<figure class=\"alignright size-large is-resized\"><img loading=\"lazy\" decoding=\"async\" class=\"wp-image-96801\" src=\"https:\/\/comunica.uacj.mx\/wp-content\/uploads\/2026\/04\/Panel.-El-arte-como-punto-de-encuentro55-1024x682.jpg\" sizes=\"auto, (max-width: 1024px) 100vw, 1024px\" srcset=\"https:\/\/comunica.uacj.mx\/wp-content\/uploads\/2026\/04\/Panel.-El-arte-como-punto-de-encuentro55-1024x682.jpg 1024w, https:\/\/comunica.uacj.mx\/wp-content\/uploads\/2026\/04\/Panel.-El-arte-como-punto-de-encuentro55-300x200.jpg 300w, https:\/\/comunica.uacj.mx\/wp-content\/uploads\/2026\/04\/Panel.-El-arte-como-punto-de-encuentro55-768x511.jpg 768w, https:\/\/comunica.uacj.mx\/wp-content\/uploads\/2026\/04\/Panel.-El-arte-como-punto-de-encuentro55-1536x1022.jpg 1536w, https:\/\/comunica.uacj.mx\/wp-content\/uploads\/2026\/04\/Panel.-El-arte-como-punto-de-encuentro55-500x333.jpg 500w, https:\/\/comunica.uacj.mx\/wp-content\/uploads\/2026\/04\/Panel.-El-arte-como-punto-de-encuentro55-800x533.jpg 800w, https:\/\/comunica.uacj.mx\/wp-content\/uploads\/2026\/04\/Panel.-El-arte-como-punto-de-encuentro55-1280x852.jpg 1280w, https:\/\/comunica.uacj.mx\/wp-content\/uploads\/2026\/04\/Panel.-El-arte-como-punto-de-encuentro55-1320x879.jpg 1320w, https:\/\/comunica.uacj.mx\/wp-content\/uploads\/2026\/04\/Panel.-El-arte-como-punto-de-encuentro55-750x499.jpg 750w, https:\/\/comunica.uacj.mx\/wp-content\/uploads\/2026\/04\/Panel.-El-arte-como-punto-de-encuentro55-1140x759.jpg 1140w, https:\/\/comunica.uacj.mx\/wp-content\/uploads\/2026\/04\/Panel.-El-arte-como-punto-de-encuentro55.jpg 1920w\" alt=\"\" width=\"399\" height=\"266\" data-pin-no-hover=\"true\" \/><figcaption class=\"wp-element-caption\">Ana Ren\u00e9 Araiza, alumna UACJ<\/figcaption><\/figure>\n<\/div>\n<h3 class=\"wp-block-heading\">Recorrido en el CCF<\/h3>\n<p>Posterior al panel, la comunidad disfrut\u00f3 de un recorrido por las instalaciones del CCF, que incluy\u00f3 la sala Arturo Ripstein, la Sala Inmersiva, el Caf\u00e9 Universitario, la Librer\u00eda Universitaria. En el vest\u00edbulo, el grupo representativo de Marimba T\u00edpica UACJ interpret\u00f3 m\u00fasica mexicana y aport\u00f3 un ambiente festivo al aniversario.<\/p>\n<p>\u00a0Ana Ren\u00e9 Talonia Araiza, alumna de la Ingenier\u00eda en Aeron\u00e1utica comparti\u00f3 su experiencia colaborando en la actividad y la pasi\u00f3n que ha desempe\u00f1ado.\u00a0<em>\u201cLas actividades de las que yo me encargo son principalmente en el fomento a la lectura dentro del \u00e1rea de formaci\u00f3n de p\u00fablicos y en las visitas guiadas. A trav\u00e9s de diversas actividades en los institutos invitamos a la comunidad a disfrutar de la lectura. Me gusta mucho este tipo de actividades a pesar de que no est\u00e1n relacionadas a mi carrera\u201d<\/em>.<\/p>\n<p>Al final de este panel de discusi\u00f3n multidisciplinario y las diversas actividades, es posible afirmar algunas ideas. El Centro Cultural de las Fronteras es un espacio que aviva los espacios culturales que esta universidad promueve, y para la comunidad fronteriza representa un oasis para hacer arte y un lugar donde se hace comunidad.<\/p>\n","protected":false},"excerpt":{"rendered":"<p>Participan en los festejos del aniversario del Centro Cultural de las Fronteras con un panel de discusi\u00f3n, recorrido<\/p>\n","protected":false},"author":1,"featured_media":67424,"comment_status":"open","ping_status":"closed","sticky":false,"template":"","format":"standard","meta":{"footnotes":""},"categories":[51],"tags":[],"class_list":["post-67425","post","type-post","status-publish","format-standard","has-post-thumbnail","hentry","category-actualidad"],"_links":{"self":[{"href":"https:\/\/www.deportivo800.com\/index.php?rest_route=\/wp\/v2\/posts\/67425","targetHints":{"allow":["GET"]}}],"collection":[{"href":"https:\/\/www.deportivo800.com\/index.php?rest_route=\/wp\/v2\/posts"}],"about":[{"href":"https:\/\/www.deportivo800.com\/index.php?rest_route=\/wp\/v2\/types\/post"}],"author":[{"embeddable":true,"href":"https:\/\/www.deportivo800.com\/index.php?rest_route=\/wp\/v2\/users\/1"}],"replies":[{"embeddable":true,"href":"https:\/\/www.deportivo800.com\/index.php?rest_route=%2Fwp%2Fv2%2Fcomments&post=67425"}],"version-history":[{"count":0,"href":"https:\/\/www.deportivo800.com\/index.php?rest_route=\/wp\/v2\/posts\/67425\/revisions"}],"wp:featuredmedia":[{"embeddable":true,"href":"https:\/\/www.deportivo800.com\/index.php?rest_route=\/wp\/v2\/media\/67424"}],"wp:attachment":[{"href":"https:\/\/www.deportivo800.com\/index.php?rest_route=%2Fwp%2Fv2%2Fmedia&parent=67425"}],"wp:term":[{"taxonomy":"category","embeddable":true,"href":"https:\/\/www.deportivo800.com\/index.php?rest_route=%2Fwp%2Fv2%2Fcategories&post=67425"},{"taxonomy":"post_tag","embeddable":true,"href":"https:\/\/www.deportivo800.com\/index.php?rest_route=%2Fwp%2Fv2%2Ftags&post=67425"}],"curies":[{"name":"wp","href":"https:\/\/api.w.org\/{rel}","templated":true}]}}