{"id":67423,"date":"2026-04-25T02:24:24","date_gmt":"2026-04-25T02:24:24","guid":{"rendered":"https:\/\/www.deportivo800.com\/?p=67423"},"modified":"2026-04-25T02:24:24","modified_gmt":"2026-04-25T02:24:24","slug":"mis-kilometros-por-tu-educacion-una-iniciativa-a-favor-de-los-universitarios","status":"publish","type":"post","link":"https:\/\/www.deportivo800.com\/?p=67423","title":{"rendered":"MIS KILOMETROS POR TU EDUCACION, UNA INICIATIVA A FAVOR DE LOS UNIVERSITARIOS"},"content":{"rendered":"<p>Fomento al deporte y la labor altruista<\/p>\n<p><a href=\"https:\/\/www.deportivo800.com\/wp-content\/uploads\/2026\/04\/Captura-de-pantalla-2026-04-24-a-las-2.52.16\u202fp.m-1140x570.jpg\"><img loading=\"lazy\" decoding=\"async\" class=\"aligncenter size-full wp-image-409412\" src=\"https:\/\/www.deportivo800.com\/wp-content\/uploads\/2026\/04\/Captura-de-pantalla-2026-04-24-a-las-2.52.16\u202fp.m-1140x570.jpg\" alt=\"\" width=\"1140\" height=\"570\" \/><\/a><\/p>\n<div class=\"entry-content no-share\">\n<div class=\"content-inner \">\n<p>La actividad deportiva en la frontera tiene muchas facetas; una de las m\u00e1s importante es la de los corredores en Ciudad Ju\u00e1rez, quienes no solo promueven la activaci\u00f3n f\u00edsica\u00a0 y combaten el sedentarismo, sino que tambi\u00e9n impulsan las causas sociales necesarias para marcar la diferencia.<\/p>\n<p>El pr\u00f3ximo 3 de mayo, la<em><strong>\u00a0Carrera x la Carrera<\/strong>: Mis kil\u00f3metros por tu educaci\u00f3n<\/em>, sumar\u00e1 en cada kil\u00f3metro la oportunidad de que un alumno universitario pueda continuar con sus estudios y vivir una vida profesional: \u201cDeporte con causa que transforma destinos\u201d.<\/p>\n<p>El\u00a0<strong>Club Rotario de Ciudad Ju\u00e1rez<\/strong>\u00a0en el marco de su 100 aniversario, confirma el objetivo de crear comunidad con prop\u00f3sito y futuro, bajo la idea de que apoyar a otros es un acto de transformaci\u00f3n; en esta ocasi\u00f3n, el eje central es que j\u00f3venes universitarios de la UACJ puedan concluir sus estudios.<\/p>\n<p>La meta de esta actividad es ambiciosa: busca captar $1,000,000.00 de pesos destinados a becas anuales universitarias, pero los fronterizos se comprometen y esta iniciativa no ser\u00e1 la excepci\u00f3n. Se cuenta con dos alternativas: la posibilidad de participar corriendo un medio marat\u00f3n de 21 kil\u00f3metros o una carrera de 3 kil\u00f3metros.<\/p>\n<p>En esta tercera edici\u00f3n, la alianza es con\u00a0<strong>ANTI Run Club<\/strong>, un grupo cada vez m\u00e1s grande; la estrategia es que se apoye y se demuestre que \u201ccuando la comunidad se une, el impacto se multiplica\u201d.<\/p>\n<p>Uno de los pensamientos que da vida a esta actividad se inspira en lo siguiente:<\/p>\n<p><em>\u00bb No es solo una carrera.<\/em><br \/><em>Es cada kil\u00f3metro convertido en oportunidad.<\/em><br \/><em>Es cada paso acercando a alguien a su t\u00edtulo.<\/em><br \/><em>Es deporte con causa.<\/em><br \/><em>Es comunidad con prop\u00f3sito\u00bb .<\/em><\/p>\n<p>Las inscripciones presenciales cuentan con las siguientes sedes y horarios:<\/p>\n<p><img loading=\"lazy\" decoding=\"async\" class=\"alignnone  wp-image-96743\" src=\"https:\/\/comunica.uacj.mx\/wp-content\/uploads\/2026\/04\/Captura-de-pantalla-2026-04-24-a-las-1.26.52%E2%80%AFp.m-300x154.jpg\" sizes=\"auto, (max-width: 376px) 100vw, 376px\" srcset=\"https:\/\/comunica.uacj.mx\/wp-content\/uploads\/2026\/04\/Captura-de-pantalla-2026-04-24-a-las-1.26.52\u202fp.m-300x154.jpg 300w, https:\/\/comunica.uacj.mx\/wp-content\/uploads\/2026\/04\/Captura-de-pantalla-2026-04-24-a-las-1.26.52\u202fp.m-768x395.jpg 768w, https:\/\/comunica.uacj.mx\/wp-content\/uploads\/2026\/04\/Captura-de-pantalla-2026-04-24-a-las-1.26.52\u202fp.m-500x257.jpg 500w, https:\/\/comunica.uacj.mx\/wp-content\/uploads\/2026\/04\/Captura-de-pantalla-2026-04-24-a-las-1.26.52\u202fp.m-800x412.jpg 800w, https:\/\/comunica.uacj.mx\/wp-content\/uploads\/2026\/04\/Captura-de-pantalla-2026-04-24-a-las-1.26.52\u202fp.m-750x386.jpg 750w, https:\/\/comunica.uacj.mx\/wp-content\/uploads\/2026\/04\/Captura-de-pantalla-2026-04-24-a-las-1.26.52\u202fp.m.jpg 828w\" alt=\"\" width=\"376\" height=\"193\" data-pin-no-hover=\"true\" \/><\/p>\n<p>Registro en l\u00ednea para p\u00fablico en general:\u00a0<a href=\"https:\/\/tinyurl.com\/ymkp3k2k\">https:\/\/tinyurl.com\/ymkp3k2k<\/a><\/p>\n<p><img loading=\"lazy\" decoding=\"async\" class=\"alignnone  wp-image-96744\" src=\"https:\/\/comunica.uacj.mx\/wp-content\/uploads\/2026\/04\/Captura-de-pantalla-2026-04-24-a-las-1.27.03%E2%80%AFp.m-300x63.jpg\" sizes=\"auto, (max-width: 371px) 100vw, 371px\" srcset=\"https:\/\/comunica.uacj.mx\/wp-content\/uploads\/2026\/04\/Captura-de-pantalla-2026-04-24-a-las-1.27.03\u202fp.m-300x63.jpg 300w, https:\/\/comunica.uacj.mx\/wp-content\/uploads\/2026\/04\/Captura-de-pantalla-2026-04-24-a-las-1.27.03\u202fp.m-500x105.jpg 500w, https:\/\/comunica.uacj.mx\/wp-content\/uploads\/2026\/04\/Captura-de-pantalla-2026-04-24-a-las-1.27.03\u202fp.m.jpg 702w\" alt=\"\" width=\"371\" height=\"78\" data-pin-no-hover=\"true\" \/><\/p>\n<p>Inscripciones en l\u00ednea y descuentos para la comunidad UACJ en el siguiente QR<\/p>\n<p><img loading=\"lazy\" decoding=\"async\" class=\"size-medium wp-image-96746 aligncenter\" src=\"https:\/\/comunica.uacj.mx\/wp-content\/uploads\/2026\/04\/image002-300x300.jpg\" sizes=\"auto, (max-width: 300px) 100vw, 300px\" srcset=\"https:\/\/comunica.uacj.mx\/wp-content\/uploads\/2026\/04\/image002-300x300.jpg 300w, https:\/\/comunica.uacj.mx\/wp-content\/uploads\/2026\/04\/image002-150x150.jpg 150w, https:\/\/comunica.uacj.mx\/wp-content\/uploads\/2026\/04\/image002-24x24.jpg 24w, https:\/\/comunica.uacj.mx\/wp-content\/uploads\/2026\/04\/image002-48x48.jpg 48w, https:\/\/comunica.uacj.mx\/wp-content\/uploads\/2026\/04\/image002-96x96.jpg 96w, https:\/\/comunica.uacj.mx\/wp-content\/uploads\/2026\/04\/image002-75x75.jpg 75w, https:\/\/comunica.uacj.mx\/wp-content\/uploads\/2026\/04\/image002-350x350.jpg 350w, https:\/\/comunica.uacj.mx\/wp-content\/uploads\/2026\/04\/image002.jpg 407w\" alt=\"\" width=\"300\" height=\"300\" data-pin-no-hover=\"true\" \/><\/p>\n<p>El 03 de mayo al terminar la Carrera se contar\u00e1 con evento de Run Party y verbena.<\/p>\n<p><img loading=\"lazy\" decoding=\"async\" class=\"wp-image-96745 aligncenter\" src=\"https:\/\/comunica.uacj.mx\/wp-content\/uploads\/2026\/04\/1a00eaf1-2cdc-4f76-8c8d-2416be86f0e5-225x300.jpg\" sizes=\"auto, (max-width: 513px) 100vw, 513px\" srcset=\"https:\/\/comunica.uacj.mx\/wp-content\/uploads\/2026\/04\/1a00eaf1-2cdc-4f76-8c8d-2416be86f0e5-225x300.jpg 225w, https:\/\/comunica.uacj.mx\/wp-content\/uploads\/2026\/04\/1a00eaf1-2cdc-4f76-8c8d-2416be86f0e5-767x1024.jpg 767w, https:\/\/comunica.uacj.mx\/wp-content\/uploads\/2026\/04\/1a00eaf1-2cdc-4f76-8c8d-2416be86f0e5-768x1025.jpg 768w, https:\/\/comunica.uacj.mx\/wp-content\/uploads\/2026\/04\/1a00eaf1-2cdc-4f76-8c8d-2416be86f0e5-1151x1536.jpg 1151w, https:\/\/comunica.uacj.mx\/wp-content\/uploads\/2026\/04\/1a00eaf1-2cdc-4f76-8c8d-2416be86f0e5-500x667.jpg 500w, https:\/\/comunica.uacj.mx\/wp-content\/uploads\/2026\/04\/1a00eaf1-2cdc-4f76-8c8d-2416be86f0e5-800x1068.jpg 800w, https:\/\/comunica.uacj.mx\/wp-content\/uploads\/2026\/04\/1a00eaf1-2cdc-4f76-8c8d-2416be86f0e5-750x1001.jpg 750w, https:\/\/comunica.uacj.mx\/wp-content\/uploads\/2026\/04\/1a00eaf1-2cdc-4f76-8c8d-2416be86f0e5-1140x1521.jpg 1140w, https:\/\/comunica.uacj.mx\/wp-content\/uploads\/2026\/04\/1a00eaf1-2cdc-4f76-8c8d-2416be86f0e5.jpg 1199w\" alt=\"\" width=\"321\" height=\"428\" data-pin-no-hover=\"true\" \/><\/p>\n<\/div>\n<\/div>\n","protected":false},"excerpt":{"rendered":"<p>Fomento al deporte y la labor altruista La actividad deportiva en la frontera tiene muchas facetas; una de<\/p>\n","protected":false},"author":1,"featured_media":67422,"comment_status":"open","ping_status":"closed","sticky":false,"template":"","format":"standard","meta":{"footnotes":""},"categories":[12],"tags":[],"class_list":["post-67423","post","type-post","status-publish","format-standard","has-post-thumbnail","hentry","category-deportes"],"_links":{"self":[{"href":"https:\/\/www.deportivo800.com\/index.php?rest_route=\/wp\/v2\/posts\/67423","targetHints":{"allow":["GET"]}}],"collection":[{"href":"https:\/\/www.deportivo800.com\/index.php?rest_route=\/wp\/v2\/posts"}],"about":[{"href":"https:\/\/www.deportivo800.com\/index.php?rest_route=\/wp\/v2\/types\/post"}],"author":[{"embeddable":true,"href":"https:\/\/www.deportivo800.com\/index.php?rest_route=\/wp\/v2\/users\/1"}],"replies":[{"embeddable":true,"href":"https:\/\/www.deportivo800.com\/index.php?rest_route=%2Fwp%2Fv2%2Fcomments&post=67423"}],"version-history":[{"count":0,"href":"https:\/\/www.deportivo800.com\/index.php?rest_route=\/wp\/v2\/posts\/67423\/revisions"}],"wp:featuredmedia":[{"embeddable":true,"href":"https:\/\/www.deportivo800.com\/index.php?rest_route=\/wp\/v2\/media\/67422"}],"wp:attachment":[{"href":"https:\/\/www.deportivo800.com\/index.php?rest_route=%2Fwp%2Fv2%2Fmedia&parent=67423"}],"wp:term":[{"taxonomy":"category","embeddable":true,"href":"https:\/\/www.deportivo800.com\/index.php?rest_route=%2Fwp%2Fv2%2Fcategories&post=67423"},{"taxonomy":"post_tag","embeddable":true,"href":"https:\/\/www.deportivo800.com\/index.php?rest_route=%2Fwp%2Fv2%2Ftags&post=67423"}],"curies":[{"name":"wp","href":"https:\/\/api.w.org\/{rel}","templated":true}]}}