{"id":67421,"date":"2026-04-25T02:21:19","date_gmt":"2026-04-25T02:21:19","guid":{"rendered":"https:\/\/www.deportivo800.com\/?p=67421"},"modified":"2026-04-25T02:21:19","modified_gmt":"2026-04-25T02:21:19","slug":"ninez-juarense-se-convierte-en-guardiana-del-planeta-durante-el-primer-congreso-de-bienestar-animal","status":"publish","type":"post","link":"https:\/\/www.deportivo800.com\/?p=67421","title":{"rendered":"NI\u00d1EZ JUARENSE SE CONVIERTE EN GUARDIANA DEL PLANETA DURANTE EL PRIMER CONGRESO DE BIENESTAR ANIMAL"},"content":{"rendered":"<p>Una iniciativa pionera a nivel nacional al no existir registros de eventos similares dedicados exclusivamente a la infancia en esta \u00e1rea<\/p>\n<p><a href=\"https:\/\/www.deportivo800.com\/wp-content\/uploads\/2026\/04\/1ER-CONGRESO-INFANTIL-DEL-CUIDADO-DE-LOS-ANIMALES54-1140x570.jpg\"><img loading=\"lazy\" decoding=\"async\" class=\"aligncenter size-full wp-image-409411\" src=\"https:\/\/www.deportivo800.com\/wp-content\/uploads\/2026\/04\/1ER-CONGRESO-INFANTIL-DEL-CUIDADO-DE-LOS-ANIMALES54-1140x570.jpg\" alt=\"\" width=\"1140\" height=\"570\" \/><\/a><\/p>\n<p class=\"has-drop-cap\">on una asistencia de m\u00e1s de 100 menores en un evento que no solamente se celebr\u00f3 en el marco del\u00a0<strong>D\u00eda del Ni\u00f1o y del<\/strong>\u00a0<strong>50 aniversario de la Licenciatura en M\u00e9dico Veterinario Zootecnista (MVZ)<\/strong>, sino que estableci\u00f3 un precedente en la vinculaci\u00f3n acad\u00e9mica entre el nivel superior y el nivel b\u00e1sico,\u00a0<strong>la Universidad Aut\u00f3noma de Ciudad Ju\u00e1rez (UACJ), a trav\u00e9s del Departamento de Ciencias Veterinarias del Instituto de Ciencias Biom\u00e9dicas (ICB),\u00a0<\/strong>en un hecho sin precedentes para esta disciplina, se inaugur\u00f3 este 24 de abril el\u00a0<strong><em>1er. Congreso Infantil sobre el Cuidado de los Animales<\/em><\/strong>.<\/p>\n<p>Enfatizando el lema\u00a0<strong><em>\u00abCuidar de los Animales es Cuidar Nuestro Futuro\u00bb<\/em><\/strong>, el evento transform\u00f3\u00a0<strong>las Salas de Usos M\u00faltiples del Centro Cultural Universitario (CCU)<\/strong>\u00a0en un epicentro de aprendizaje y sensibilizaci\u00f3n para cientos de infantes.<\/p>\n<p>El congreso se posicion\u00f3, seg\u00fan el departamento, como \u201cuna iniciativa pionera a nivel nacional al no existir registros de eventos similares dedicados exclusivamente a la infancia en esta \u00e1rea\u201d.<\/p>\n<p>La ceremonia de apertura, llevada a cabo a las 9:00 horas de este 24 de abril, estuvo encabezada por la maestra Tania Dolores Hern\u00e1ndez Garc\u00eda, directora del ICB, acompa\u00f1ada por el maestro Alfredo Hern\u00e1ndez P\u00e9rez, jefe del Departamento de Ciencias Veterinarias; el maestro Gabriel Medrano Donlucas, jefe del Departamento de Ciencias de la Salud; el doctor Jos\u00e9 Alberto L\u00f3pez D\u00edaz, jefe del Departamento de Ciencias Qu\u00edmicos Biol\u00f3gicas; el doctor Luis Felipe Fornelli Mart\u00edn Del Campo, jefe del Departamento de Estomatolog\u00eda; la MVZ. Ana Julia Ronquillo Contreras, presidenta de la Asociaci\u00f3n de M\u00e9dicos Veterinarios de Ciudad Ju\u00e1rez y MVZ. Ulises Valdez Mireles, presidente del Colegio de M\u00e9dicos Veterinarios de Ciudad Ju\u00e1rez.<\/p>\n<p>Durante su mensaje, la maestra Hern\u00e1ndez Garc\u00eda enfatiz\u00f3 que el objetivo primordial es inculcar el respeto a la vida desde la ni\u00f1ez:<\/p>\n<p><em>\u00abBuscamos hacer conciencia sobre el bienestar animal desde la infancia\u2026 queremos verlos en unos a\u00f1os ya no como visitantes, sino como estudiantes y profesionistas: veterinarios, m\u00e9dicos o lo que sue\u00f1en\u00bb<\/em>.<\/p>\n<p>Por su parte, el maestro Hern\u00e1ndez P\u00e9rez, record\u00f3 a los asistentes de la\u00a0<strong>Escuela Primaria M\u00e9xico Lealtad #2321<\/strong>\u00a0y del\u00a0<strong>Instituto San Pablo<\/strong>\u00a0que el cuidado animal va m\u00e1s all\u00e1 de la alimentaci\u00f3n b\u00e1sica; se trata de protecci\u00f3n, amor y, sobre todo, de entender que la salud animal, humana y ambiental est\u00e1n intr\u00ednsecamente conectadas bajo el esquema de\u00a0<em>\u00abuna sola salud\u00bb.<\/em><\/p>\n<p>Asimismo, el programa acad\u00e9mico del congreso fue dise\u00f1ado para romper mitos y fomentar la curiosidad cient\u00edfica.<\/p>\n<p class=\"has-text-align-center has-medium-font-size\"><strong>El funcionamiento interno de la colmena<\/strong><\/p>\n<p>David Bayl\u00f3n J\u00e1quez, MVZ, con especialidad en Apicultura detall\u00f3 que la colmena opera como una sociedad estrictamente organizada donde cada individuo tiene una funci\u00f3n vital basada en su edad y biolog\u00eda:<\/p>\n<ul class=\"wp-block-list\">\n<li><strong>La reina y las princesas:<\/strong>\u00a0la reina es la \u00fanica que pone huevos (hasta 2,500 diarios) y mantiene la unidad mediante feromonas. Su desarrollo depende exclusivamente de ser alimentada con jalea real. Cuando nacen nuevas princesas, estas pelean a muerte por el control; la reina madura suele abandonar el lugar con la mitad de las abejas para formar un nuevo enjambre.<\/li>\n<li><strong>Los z\u00e1nganos:<\/strong>\u00a0son los machos, no poseen aguij\u00f3n y su funci\u00f3n principal es la reproducci\u00f3n y ayudar a calentar a las larvas gracias a su mayor tama\u00f1o corporal. Si consumen demasiados recursos o dejan de ser \u00fatiles, las obreras los expulsan o eliminan.<\/li>\n<\/ul>\n<p class=\"has-text-align-center has-medium-font-size\"><strong>Roles de las abejas obreras por edad<\/strong><\/p>\n<ul class=\"wp-block-list\">\n<li><strong>Limpiadoras (1-5 d\u00edas):<\/strong>\u00a0mantienen la higiene de las celdas desde el primer d\u00eda de vida.<\/li>\n<li><strong>Constructoras (10-15 d\u00edas):<\/strong>\u00a0producen placas de cera en su abdomen para crear los panales hexagonales.<\/li>\n<li><strong>Nodrizas:<\/strong>\u00a0alimentan a miles de larvas diariamente; un descuido en esta labor puede hacer colapsar a toda la colonia.<\/li>\n<li><strong>Almacenistas:<\/strong>\u00a0reciben el n\u00e9ctar y polen de las recolectoras para procesarlo.<\/li>\n<li><strong>Centinelas:<\/strong>\u00a0protegen la entrada contra intrusos como avispas, ratones u osos.<\/li>\n<li><strong>Sepultureras:<\/strong>\u00a0encargadas de la salud de la colmena al retirar abejas muertas o restos de insectos para evitar enfermedades.<\/li>\n<\/ul>\n<p class=\"has-text-align-center has-medium-font-size\"><strong>Investigaci\u00f3n sobre coyotes en zonas urbanas<\/strong><\/p>\n<p>Por su parte, Rafael Iv\u00e1n Coronado Rojo, MVZ, con especialidad en Medicina y Cirug\u00eda de Fauna Silvestre, Mascotas No Convencionales y Animales Ex\u00f3ticos, present\u00f3 avances sobre el impacto de la urbanizaci\u00f3n en la fauna local, centr\u00e1ndose en la gran capacidad de adaptaci\u00f3n de los coyotes.<\/p>\n<ul class=\"wp-block-list\">\n<li><strong>Plasticidad biol\u00f3gica:<\/strong>\u00a0El coyote es una especie \u00abpl\u00e1stica\u00bb, lo que significa que tiene una capacidad extraordinaria para adaptar su conducta y alimentaci\u00f3n tanto a zonas rurales como a entornos densamente poblados por humanos.<\/li>\n<li><strong>Riesgos de la interacci\u00f3n:<\/strong>\u00a0La investigaci\u00f3n destaca un peligro bidireccional en la salud: los coyotes pueden traer enfermedades de la zona rural a la ciudad, o viceversa, llevar pat\u00f3genos urbanos hacia la fauna silvestre.<\/li>\n<li><strong>Riqueza de Samalayuca:<\/strong>\u00a0Se enfatiz\u00f3 que el desierto local no es un espacio muerto; por el contrario, las dunas de Samalayuca albergan una de las biodiversidades m\u00e1s vastas de Am\u00e9rica en cuanto a mam\u00edferos, reptiles y aves migratorias.<\/li>\n<li><strong>Cambio de perspectiva:<\/strong>\u00a0El objetivo de la investigaci\u00f3n es evitar que el desierto sea visto como un \u00ablugar vac\u00edo\u00bb donde se puede tirar basura, promoviendo en su lugar la coexistencia y el respeto por los animales que viven bajo la tierra y en el entorno urbano.<\/li>\n<\/ul>\n<p class=\"has-text-align-center has-medium-font-size\"><strong>Impacto y trascendencia<\/strong><\/p>\n<p>La direcci\u00f3n del ICB expres\u00f3 su intenci\u00f3n de que este congreso no sea un evento \u00fanico, sino una tradici\u00f3n anual que cada mes de abril refuerce el v\u00ednculo entre la sociedad juarense y el respeto por los recursos naturales y la vida animal.<\/p>\n","protected":false},"excerpt":{"rendered":"<p>Una iniciativa pionera a nivel nacional al no existir registros de eventos similares dedicados exclusivamente a la infancia<\/p>\n","protected":false},"author":1,"featured_media":67420,"comment_status":"open","ping_status":"closed","sticky":false,"template":"","format":"standard","meta":{"footnotes":""},"categories":[51],"tags":[],"class_list":["post-67421","post","type-post","status-publish","format-standard","has-post-thumbnail","hentry","category-actualidad"],"_links":{"self":[{"href":"https:\/\/www.deportivo800.com\/index.php?rest_route=\/wp\/v2\/posts\/67421","targetHints":{"allow":["GET"]}}],"collection":[{"href":"https:\/\/www.deportivo800.com\/index.php?rest_route=\/wp\/v2\/posts"}],"about":[{"href":"https:\/\/www.deportivo800.com\/index.php?rest_route=\/wp\/v2\/types\/post"}],"author":[{"embeddable":true,"href":"https:\/\/www.deportivo800.com\/index.php?rest_route=\/wp\/v2\/users\/1"}],"replies":[{"embeddable":true,"href":"https:\/\/www.deportivo800.com\/index.php?rest_route=%2Fwp%2Fv2%2Fcomments&post=67421"}],"version-history":[{"count":0,"href":"https:\/\/www.deportivo800.com\/index.php?rest_route=\/wp\/v2\/posts\/67421\/revisions"}],"wp:featuredmedia":[{"embeddable":true,"href":"https:\/\/www.deportivo800.com\/index.php?rest_route=\/wp\/v2\/media\/67420"}],"wp:attachment":[{"href":"https:\/\/www.deportivo800.com\/index.php?rest_route=%2Fwp%2Fv2%2Fmedia&parent=67421"}],"wp:term":[{"taxonomy":"category","embeddable":true,"href":"https:\/\/www.deportivo800.com\/index.php?rest_route=%2Fwp%2Fv2%2Fcategories&post=67421"},{"taxonomy":"post_tag","embeddable":true,"href":"https:\/\/www.deportivo800.com\/index.php?rest_route=%2Fwp%2Fv2%2Ftags&post=67421"}],"curies":[{"name":"wp","href":"https:\/\/api.w.org\/{rel}","templated":true}]}}