{"id":67419,"date":"2026-04-25T02:17:23","date_gmt":"2026-04-25T02:17:23","guid":{"rendered":"https:\/\/www.deportivo800.com\/?p=67419"},"modified":"2026-04-25T02:17:23","modified_gmt":"2026-04-25T02:17:23","slug":"el-libro-arte-como-campo-expandido-uacj-abre-dialogo-entre-tradicion-grafica-y-exploracion-contemporanea","status":"publish","type":"post","link":"https:\/\/www.deportivo800.com\/?p=67419","title":{"rendered":"EL LIBRO-ARTE COMO CAMPO EXPANDIDO; UACJ ABRE DIALOGO ENTRE TRADICION GRAFICA Y EXPLORACION CONTEMPORANEA"},"content":{"rendered":"<p>Especialista internacional comparte en la Fiesta de los Libros una mirada de m\u00e1s de dos d\u00e9cadas sobre el libro de artista como pr\u00e1ctica conceptual, formativa y de investigaci\u00f3n<\/p>\n<p><a href=\"https:\/\/www.deportivo800.com\/wp-content\/uploads\/2026\/04\/Conferencia-Magistral-Libro-arte-Genealogias-1140x570.jpg\"><img loading=\"lazy\" decoding=\"async\" class=\"aligncenter size-full wp-image-409409\" src=\"https:\/\/www.deportivo800.com\/wp-content\/uploads\/2026\/04\/Conferencia-Magistral-Libro-arte-Genealogias-1140x570.jpg\" alt=\"\" width=\"1140\" height=\"570\" \/><\/a><\/p>\n<p>Como parte de la 14\u00aa Fiesta de los Libros de la Universidad Aut\u00f3noma de Ciudad Ju\u00e1rez (UACJ), se llev\u00f3 a cabo la conferencia magistral (en formato Zoom) \u201cLibro-arte: Genealog\u00edas en Proceso; de la Tradici\u00f3n a la Exploraci\u00f3n Contempor\u00e1nea\u201d, un espacio de reflexi\u00f3n en torno a las posibilidades est\u00e9ticas, conceptuales y acad\u00e9micas del libro como objeto art\u00edstico.<\/p>\n<p>La presentaci\u00f3n del evento fue el jueves 23 de abril, en las instalaciones del Centro Cultural de las Fronteras y estuvo a cargo de la Dra. Alicia Herrera, coordinadora del Programa de Dise\u00f1o y Gesti\u00f3n de la Moda en el Instituto de Arquitectura, Dise\u00f1o y Arte (IADA), quien destac\u00f3 la relevancia de la participaci\u00f3n de la doctora Ioulia Akhmadeeva, artista visual mexicana nacida en Rusia, con una trayectoria de m\u00e1s de 25 a\u00f1os en el estudio y desarrollo del libro de artista.<\/p>\n<p>Durante su intervenci\u00f3n, Akhmadeeva profundiz\u00f3 en el concepto de libro-arte, entendido no como un libro convencional, sino como una pieza art\u00edstica con una fuerte carga conceptual. Explic\u00f3 que este tipo de obra puede adoptar m\u00faltiples formas, como libro objeto, archivo o incluso estructuras h\u00edbridas que expanden los l\u00edmites tradicionales de la edici\u00f3n, convirti\u00e9ndose en un medio de exploraci\u00f3n est\u00e9tica y discursiva.<\/p>\n<p>Como parte de su participaci\u00f3n, se present\u00f3 una exposici\u00f3n integrada por 23 libros de artista, proyectos y fanzines pertenecientes al acervo de la c\u00e1tedra de Gr\u00e1fica de la Facultad Popular de Bellas Artes de la Universidad Michoacana de San Nicol\u00e1s de Hidalgo, conformado entre los a\u00f1os 2000 y 2024. Este conjunto representa un valioso referente documental y formativo que da cuenta de m\u00e1s de dos d\u00e9cadas de producci\u00f3n, investigaci\u00f3n y experimentaci\u00f3n en torno al libro de artista dentro del campo de la gr\u00e1fica contempor\u00e1nea.<\/p>\n<p>El proyecto expuesto tiene su origen en m\u00e1s de 15 a\u00f1os de colaboraci\u00f3n acad\u00e9mica entre especialistas de la Universidad Michoacana y el Cuerpo Acad\u00e9mico de Gr\u00e1fica Contempor\u00e1nea del IADA en la UACJ, relaci\u00f3n que ha propiciado el desarrollo de iniciativas conjuntas de alto impacto acad\u00e9mico.<\/p>\n<p>Entre estos esfuerzos destaca la consolidaci\u00f3n del Simposio Internacional de Tipograf\u00eda al Libro Arte, que a lo largo de nueve ediciones se ha posicionado como un espacio de intercambio, reflexi\u00f3n y producci\u00f3n en torno a la gr\u00e1fica contempor\u00e1nea y la edici\u00f3n art\u00edstica.<\/p>\n<p>Revive la charla con la doctora Ioulia Akhmadeeva:<\/p>\n<div class=\"wp-block-media-text is-stacked-on-mobile\">\n<figure class=\"wp-block-media-text__media\"><img loading=\"lazy\" decoding=\"async\" class=\"wp-image-96764 \" src=\"https:\/\/comunica.uacj.mx\/wp-content\/uploads\/2026\/04\/Conferencia-Magistral-Libro-arte-Genealogias-2-1024x581.jpg\" sizes=\"auto, (max-width: 1024px) 100vw, 1024px\" srcset=\"https:\/\/comunica.uacj.mx\/wp-content\/uploads\/2026\/04\/Conferencia-Magistral-Libro-arte-Genealogias-2-1024x581.jpg 1024w, https:\/\/comunica.uacj.mx\/wp-content\/uploads\/2026\/04\/Conferencia-Magistral-Libro-arte-Genealogias-2-300x170.jpg 300w, https:\/\/comunica.uacj.mx\/wp-content\/uploads\/2026\/04\/Conferencia-Magistral-Libro-arte-Genealogias-2-768x436.jpg 768w, https:\/\/comunica.uacj.mx\/wp-content\/uploads\/2026\/04\/Conferencia-Magistral-Libro-arte-Genealogias-2-1536x871.jpg 1536w, https:\/\/comunica.uacj.mx\/wp-content\/uploads\/2026\/04\/Conferencia-Magistral-Libro-arte-Genealogias-2-500x284.jpg 500w, https:\/\/comunica.uacj.mx\/wp-content\/uploads\/2026\/04\/Conferencia-Magistral-Libro-arte-Genealogias-2-800x454.jpg 800w, https:\/\/comunica.uacj.mx\/wp-content\/uploads\/2026\/04\/Conferencia-Magistral-Libro-arte-Genealogias-2-1280x726.jpg 1280w, https:\/\/comunica.uacj.mx\/wp-content\/uploads\/2026\/04\/Conferencia-Magistral-Libro-arte-Genealogias-2-1320x749.jpg 1320w, https:\/\/comunica.uacj.mx\/wp-content\/uploads\/2026\/04\/Conferencia-Magistral-Libro-arte-Genealogias-2-750x425.jpg 750w, https:\/\/comunica.uacj.mx\/wp-content\/uploads\/2026\/04\/Conferencia-Magistral-Libro-arte-Genealogias-2-1140x647.jpg 1140w, https:\/\/comunica.uacj.mx\/wp-content\/uploads\/2026\/04\/Conferencia-Magistral-Libro-arte-Genealogias-2.jpg 1920w\" alt=\"\" width=\"349\" height=\"198\" data-pin-no-hover=\"true\" \/><\/figure>\n<div class=\"wp-block-media-text__content\">\n<p><a href=\"https:\/\/www.facebook.com\/share\/v\/1CR257ifLC\">https:\/\/www.facebook.com\/share\/v\/1CR257ifLC<\/a><\/p>\n<\/div>\n<\/div>\n","protected":false},"excerpt":{"rendered":"<p>Especialista internacional comparte en la Fiesta de los Libros una mirada de m\u00e1s de dos d\u00e9cadas sobre el<\/p>\n","protected":false},"author":1,"featured_media":67418,"comment_status":"open","ping_status":"closed","sticky":false,"template":"","format":"standard","meta":{"footnotes":""},"categories":[51],"tags":[],"class_list":["post-67419","post","type-post","status-publish","format-standard","has-post-thumbnail","hentry","category-actualidad"],"_links":{"self":[{"href":"https:\/\/www.deportivo800.com\/index.php?rest_route=\/wp\/v2\/posts\/67419","targetHints":{"allow":["GET"]}}],"collection":[{"href":"https:\/\/www.deportivo800.com\/index.php?rest_route=\/wp\/v2\/posts"}],"about":[{"href":"https:\/\/www.deportivo800.com\/index.php?rest_route=\/wp\/v2\/types\/post"}],"author":[{"embeddable":true,"href":"https:\/\/www.deportivo800.com\/index.php?rest_route=\/wp\/v2\/users\/1"}],"replies":[{"embeddable":true,"href":"https:\/\/www.deportivo800.com\/index.php?rest_route=%2Fwp%2Fv2%2Fcomments&post=67419"}],"version-history":[{"count":0,"href":"https:\/\/www.deportivo800.com\/index.php?rest_route=\/wp\/v2\/posts\/67419\/revisions"}],"wp:featuredmedia":[{"embeddable":true,"href":"https:\/\/www.deportivo800.com\/index.php?rest_route=\/wp\/v2\/media\/67418"}],"wp:attachment":[{"href":"https:\/\/www.deportivo800.com\/index.php?rest_route=%2Fwp%2Fv2%2Fmedia&parent=67419"}],"wp:term":[{"taxonomy":"category","embeddable":true,"href":"https:\/\/www.deportivo800.com\/index.php?rest_route=%2Fwp%2Fv2%2Fcategories&post=67419"},{"taxonomy":"post_tag","embeddable":true,"href":"https:\/\/www.deportivo800.com\/index.php?rest_route=%2Fwp%2Fv2%2Ftags&post=67419"}],"curies":[{"name":"wp","href":"https:\/\/api.w.org\/{rel}","templated":true}]}}