{"id":67409,"date":"2026-04-24T17:35:46","date_gmt":"2026-04-24T17:35:46","guid":{"rendered":"https:\/\/www.deportivo800.com\/?p=67409"},"modified":"2026-04-24T17:35:46","modified_gmt":"2026-04-24T17:35:46","slug":"un-maestro-juarense-convierte-la-memoria-cotidiana-en-literatura-y-conquista-la-convocatoria-voces-al-sol-2026-de-la-uacj","status":"publish","type":"post","link":"https:\/\/www.deportivo800.com\/?p=67409","title":{"rendered":"UN MAESTRO JUARENSE CONVIERTE LA MEMORIA COTIDIANA EN LITERATURA Y CONQUISTA LA CONVOCATORIA VOCES AL SOL 2026 DE LA UACJ"},"content":{"rendered":"<p>Miguel \u00c1ngel G\u00e1mez Castillo gan\u00f3 en la categor\u00eda de cuento, por Latidos de la ciudad y otras p\u00e9rdidas<\/p>\n<p><a href=\"https:\/\/www.deportivo800.com\/wp-content\/uploads\/2026\/04\/Ganadores-Voces-al-sol-PORTADA.docx-1140x570.jpg\"><img loading=\"lazy\" decoding=\"async\" class=\"aligncenter size-full wp-image-409384\" src=\"https:\/\/www.deportivo800.com\/wp-content\/uploads\/2026\/04\/Ganadores-Voces-al-sol-PORTADA.docx-1140x570.jpg\" alt=\"\" width=\"1140\" height=\"570\" \/><\/a><\/p>\n<p>Hay historias que no nacen en grandes salones ni en bibliotecas silenciosas. Nacen en la calle, en la risa de una familia, en el susto de la infancia o en la memoria que se niega a desaparecer. Historias que caminan entre nosotros, invisibles, hasta que alguien decide detenerse, recogerlas y darles forma.<\/p>\n<p>As\u00ed comenz\u00f3, hace apenas tres a\u00f1os, el camino de Miguel \u00c1ngel G\u00e1mez Castillo.<\/p>\n<p>Profesor de bachillerato, habitante de una modesta vecindad del centro de Ciudad Ju\u00e1rez desde su llegada siendo apenas un ni\u00f1o, nunca imagin\u00f3 que aquellas escenas cotidianas \u2014las suyas, las de su familia, las de su barrio\u2014 terminar\u00edan convirti\u00e9ndose en un libro reconocido por la Universidad Aut\u00f3noma de Ciudad Ju\u00e1rez.<\/p>\n<p>El pasado 15 de abril de 2026, en punto de las 11:00 horas, su obra\u00a0<strong>Latidos de la ciudad y otras p\u00e9rdidas<\/strong>, firmada bajo el seud\u00f3nimo \u201cSembrador de Historias\u201d, fue elegida por unanimidad como la ganadora de la convocatoria Voces al Sol 2026, en la categor\u00eda de cuento.<\/p>\n<p>El jurado, integrado por la Mtra. Laura Jim\u00e9nez Cepeda, la Dra. Victoria Irene Gonz\u00e1lez P\u00e9rez y el Dr. Ra\u00fal Flores Simental, encontraron en sus p\u00e1ginas algo que no siempre es f\u00e1cil de lograr: sencillez con profundidad, relatos claros pero contundentes, historias que no necesitan adornos excesivos para dejar huella.<\/p>\n<p>Pero lo m\u00e1s poderoso no est\u00e1 solo en el reconocimiento, sino en el origen.<\/p>\n<p>\u201cSon historias que cualquier juarense puede escribir al caminar por sus calles\u201d, dice \u00e9l, con una humildad que contrasta con la dimensi\u00f3n de su logro.<\/p>\n<div class=\"wp-block-image\">\n<figure class=\"alignleft size-large is-resized\"><img loading=\"lazy\" decoding=\"async\" class=\"wp-image-96610\" src=\"https:\/\/comunica.uacj.mx\/wp-content\/uploads\/2026\/04\/8e58a87b-900f-44a9-8df1-1137ae489751-1024x1024.jpg\" sizes=\"auto, (max-width: 1024px) 100vw, 1024px\" srcset=\"https:\/\/comunica.uacj.mx\/wp-content\/uploads\/2026\/04\/8e58a87b-900f-44a9-8df1-1137ae489751-1024x1024.jpg 1024w, https:\/\/comunica.uacj.mx\/wp-content\/uploads\/2026\/04\/8e58a87b-900f-44a9-8df1-1137ae489751-300x300.jpg 300w, https:\/\/comunica.uacj.mx\/wp-content\/uploads\/2026\/04\/8e58a87b-900f-44a9-8df1-1137ae489751-150x150.jpg 150w, https:\/\/comunica.uacj.mx\/wp-content\/uploads\/2026\/04\/8e58a87b-900f-44a9-8df1-1137ae489751-768x768.jpg 768w, https:\/\/comunica.uacj.mx\/wp-content\/uploads\/2026\/04\/8e58a87b-900f-44a9-8df1-1137ae489751-1536x1536.jpg 1536w, https:\/\/comunica.uacj.mx\/wp-content\/uploads\/2026\/04\/8e58a87b-900f-44a9-8df1-1137ae489751-500x500.jpg 500w, https:\/\/comunica.uacj.mx\/wp-content\/uploads\/2026\/04\/8e58a87b-900f-44a9-8df1-1137ae489751-800x800.jpg 800w, https:\/\/comunica.uacj.mx\/wp-content\/uploads\/2026\/04\/8e58a87b-900f-44a9-8df1-1137ae489751-1280x1280.jpg 1280w, https:\/\/comunica.uacj.mx\/wp-content\/uploads\/2026\/04\/8e58a87b-900f-44a9-8df1-1137ae489751-1320x1320.jpg 1320w, https:\/\/comunica.uacj.mx\/wp-content\/uploads\/2026\/04\/8e58a87b-900f-44a9-8df1-1137ae489751-24x24.jpg 24w, https:\/\/comunica.uacj.mx\/wp-content\/uploads\/2026\/04\/8e58a87b-900f-44a9-8df1-1137ae489751-48x48.jpg 48w, https:\/\/comunica.uacj.mx\/wp-content\/uploads\/2026\/04\/8e58a87b-900f-44a9-8df1-1137ae489751-96x96.jpg 96w, https:\/\/comunica.uacj.mx\/wp-content\/uploads\/2026\/04\/8e58a87b-900f-44a9-8df1-1137ae489751-75x75.jpg 75w, https:\/\/comunica.uacj.mx\/wp-content\/uploads\/2026\/04\/8e58a87b-900f-44a9-8df1-1137ae489751-350x350.jpg 350w, https:\/\/comunica.uacj.mx\/wp-content\/uploads\/2026\/04\/8e58a87b-900f-44a9-8df1-1137ae489751-750x750.jpg 750w, https:\/\/comunica.uacj.mx\/wp-content\/uploads\/2026\/04\/8e58a87b-900f-44a9-8df1-1137ae489751-1140x1140.jpg 1140w, https:\/\/comunica.uacj.mx\/wp-content\/uploads\/2026\/04\/8e58a87b-900f-44a9-8df1-1137ae489751.jpg 1920w\" alt=\"\" width=\"299\" height=\"299\" data-pin-no-hover=\"true\" \/><\/figure>\n<\/div>\n<p>Porque sus cuentos no hablan de mundos lejanos ni de fantas\u00edas imposibles. Hablan de nosotros. De la infancia, de la familia, de los momentos que parecen peque\u00f1os pero que, con el tiempo, terminan por definirnos.<\/p>\n<p>Son 27 relatos. Algunos reales, otros reinventados, algunos incluso rozando lo paranormal. Todos, sin embargo, atravesados por una misma intenci\u00f3n: provocar memoria\u2026 y, quiz\u00e1, una ligera incomodidad.<\/p>\n<p>\u201cNo todo es color de rosa\u201d, reconoce el ganador de Voces al Sol 2026, y en esa honestidad radica su fuerza.<\/p>\n<p>Miguel \u00c1ngel no siempre fue escritor. Durante a\u00f1os, las historias estuvieron ah\u00ed, dispersas, como piezas sueltas de un rompecabezas, hasta que un d\u00eda decidi\u00f3 comenzar a encajarlas.<\/p>\n<p>\u201c\u2026Y una vez que comienzas\u2026 no puedes parar\u201d, confiesa.<\/p>\n<p>Y no ha parado.<\/p>\n<p>La noticia, dice, no la entendi\u00f3 de inmediato.<\/p>\n<p>\u201cNo me ca\u00eda el veinte cuando me avisaron\u201d, recuerda entre risas. Fueron otros \u2014sus compa\u00f1eros, su esposa\u2014 quienes le hicieron ver la magnitud de lo que hab\u00eda logrado. Publicar con una de las universidades m\u00e1s importantes del pa\u00eds no es un detalle menor, es un punto de partida.<\/p>\n<p>Porque este reconocimiento no es un cierre.<\/p>\n<p>Es apenas el inicio.<\/p>\n<p>Ya trabaja en su tercer libro y anuncia que volver\u00e1 en 2027, esta vez con cr\u00f3nica.<\/p>\n<p>La convocatoria Voces al Sol est\u00e1 abierta a todos los juarenses, con o sin trayectoria, que buscan un espacio para publicar sus escritos, se\u00f1al\u00f3 Mayola Renova Gonz\u00e1lez, responsable de la Coordinaci\u00f3n Editorial y de Publicaciones de la UACJ.<\/p>\n<p>Por su parte, la Dra. Margarita Salazar Mendoza, coordinadora del programa de Literatura Hispanomexicana \u2014encargado de este proyecto a trav\u00e9s del Departamento de Humanidades del Instituto de Ciencias Sociales y Administraci\u00f3n (ICSA)\u2014 inform\u00f3 que en la edici\u00f3n 2026 se recibieron 15 trabajos: 1 en ensayo, 9 en poes\u00eda y 5 en cuento; de estos \u00faltimos, uno fue descartado por no cumplir con los requisitos.<\/p>\n<p>Desde su creaci\u00f3n en 2014, el programa ha publicado 12 t\u00edtulos. El dictamen, explic\u00f3, eval\u00faa aspectos como estructura, coherencia, claridad y calidad literaria, adem\u00e1s del cumplimiento de criterios formales.<\/p>\n<p>Aunque este a\u00f1o solo se cont\u00f3 con un ganador, subray\u00f3 que la convocatoria representa un impulso para los escritores de la ciudad, al ser un primer paso que les permite abrirse camino en nuevas publicaciones y proyectos editoriales.<\/p>\n<p>La convocatoria se abre en a finales de febrero, termina en marzo y siempre para la Fiesta de los libros ya se tiene al ganador.<\/p>\n","protected":false},"excerpt":{"rendered":"<p>Miguel \u00c1ngel G\u00e1mez Castillo gan\u00f3 en la categor\u00eda de cuento, por Latidos de la ciudad y otras p\u00e9rdidas<\/p>\n","protected":false},"author":1,"featured_media":67408,"comment_status":"open","ping_status":"closed","sticky":false,"template":"","format":"standard","meta":{"footnotes":""},"categories":[51],"tags":[],"class_list":["post-67409","post","type-post","status-publish","format-standard","has-post-thumbnail","hentry","category-actualidad"],"_links":{"self":[{"href":"https:\/\/www.deportivo800.com\/index.php?rest_route=\/wp\/v2\/posts\/67409","targetHints":{"allow":["GET"]}}],"collection":[{"href":"https:\/\/www.deportivo800.com\/index.php?rest_route=\/wp\/v2\/posts"}],"about":[{"href":"https:\/\/www.deportivo800.com\/index.php?rest_route=\/wp\/v2\/types\/post"}],"author":[{"embeddable":true,"href":"https:\/\/www.deportivo800.com\/index.php?rest_route=\/wp\/v2\/users\/1"}],"replies":[{"embeddable":true,"href":"https:\/\/www.deportivo800.com\/index.php?rest_route=%2Fwp%2Fv2%2Fcomments&post=67409"}],"version-history":[{"count":0,"href":"https:\/\/www.deportivo800.com\/index.php?rest_route=\/wp\/v2\/posts\/67409\/revisions"}],"wp:featuredmedia":[{"embeddable":true,"href":"https:\/\/www.deportivo800.com\/index.php?rest_route=\/wp\/v2\/media\/67408"}],"wp:attachment":[{"href":"https:\/\/www.deportivo800.com\/index.php?rest_route=%2Fwp%2Fv2%2Fmedia&parent=67409"}],"wp:term":[{"taxonomy":"category","embeddable":true,"href":"https:\/\/www.deportivo800.com\/index.php?rest_route=%2Fwp%2Fv2%2Fcategories&post=67409"},{"taxonomy":"post_tag","embeddable":true,"href":"https:\/\/www.deportivo800.com\/index.php?rest_route=%2Fwp%2Fv2%2Ftags&post=67409"}],"curies":[{"name":"wp","href":"https:\/\/api.w.org\/{rel}","templated":true}]}}