{"id":67405,"date":"2026-04-24T13:27:56","date_gmt":"2026-04-24T13:27:56","guid":{"rendered":"https:\/\/www.deportivo800.com\/?p=67405"},"modified":"2026-04-24T13:27:56","modified_gmt":"2026-04-24T13:27:56","slug":"buscaran-liebres-boleto-a-intertecs-en-tijuana","status":"publish","type":"post","link":"https:\/\/www.deportivo800.com\/?p=67405","title":{"rendered":"BUSCAR\u00c1N LIEBRES BOLETO A \u2018INTERTECS\u2019 EN TIJUANA"},"content":{"rendered":"<p>En busca de su calificaci\u00f3n al LXVIII Evento Nacional Deportivo del Tecnol\u00f3gico Nacional de M\u00e9xico a efectuarse durante la tercera semana de octubre en Colima, Colima, las Liebres del ITCJ participar\u00e1n con \u2018carro completo\u2019 en el Evento Prenacional de la Zona Uno -que agrupa a instituciones educativas de Sonora, Baja California y Chihuahua, en este caso, al \u2018Tec de Ju\u00e1rez-, en Tijuana, Baja California.<\/p>\n<p><a href=\"https:\/\/www.deportivo800.com\/wp-content\/uploads\/2026\/04\/678346822_1874600946690154_4516278289665685258_n.jpg\"><img loading=\"lazy\" decoding=\"async\" class=\"aligncenter size-full wp-image-409369\" src=\"https:\/\/www.deportivo800.com\/wp-content\/uploads\/2026\/04\/678346822_1874600946690154_4516278289665685258_n.jpg\" alt=\"\" width=\"590\" height=\"443\" \/><\/a><\/p>\n<p>Sergio Arturo Duarte M\u00e9ndez<br \/>M\u00c1QUINA DEPORTIVA <br \/>La competencia est\u00e1 programada para efectuarse en dos etapas.<br \/>En la primera de ellas, a realizarse del 25 al 29 de mayo, las Liebres competir\u00e1n en futbol soccer, voleibol sala y ajedrez, inform\u00f3 Luis Esparza, entrenador del equipo de futbol femenil. <br \/>Del uno al seis de junio, en la fase dos del \u2018Pre\u2019, la delegaci\u00f3n fronteriza entrar\u00e1 en acci\u00f3n en basquetbol, beisbol, softbol, nataci\u00f3n y atletismo. <br \/>Debido a que califica directo al nacional, el taekwondo, -que en &#8216;Colima 2026&#8217; ser\u00e1 deporte oficial luego de ser de exhibici\u00f3n en esta ciudad y en Queretaro, los dos \u00faltimos a\u00f1os-, no tendr\u00e1 actividad en el prenacional. <br \/>En octubre anterior, en el LXVII Evento Nacional Deportivo efectuado en Quer\u00e9taro, Quer\u00e9taro, la representaci\u00f3n orejuda de voleibol sala femenil obtuvo medalla de bronce y tras un a\u00f1o de ausencia en el cuadro de ganadores, regres\u00f3 al podio luego de la conquista de la plata en \u2018Durango 2023\u2019.<br \/>La escuadra fronteriza que dirige el coach \u00d3scar Ram\u00edrez dobleg\u00f3 al conjunto del Instituto Tecnol\u00f3gico de Apatzing\u00e1n en el duelo por el tercer sitio y dio al ITCJ la \u00fanica medalla oficial en el \u2018Intertecs\u2019.<br \/>Alejandra Mares, Braily Mart\u00ednez, Jhoana Ram\u00edrez, Yocelyn Z\u00fa\u00f1iga, Estefan\u00eda Rom\u00e1n, Ilse Herrera, Jazm\u00edn Franco (capitana), Jacqueline Chac\u00f3n, Evelyn Almanza, Sujey Franco y Marisol Gonz\u00e1lez integraron el cuadro orejudo. <br \/>En taekwondo, la escuadra rojiblanca a cargo del entrenador Jorge Amaya sum\u00f3 cuatro metales, -en el \u00faltimo a\u00f1o de esta disciplina como deporte de exhibici\u00f3n-, tres de oro y una de plata.<br \/>Monarca en \u2018Ciudad Ju\u00e1rez 2024\u2019 y medallista de plata en la Universiada Nacional \u2018Puebla 2025\u2019 -la primera en la historia para las Liebres en este arte marcial-, el taekwondo\u00edn Juan Carlos Olivas refrend\u00f3 su cetro en la divisi\u00f3n de Menos de 63 kilogramos y se convirti\u00f3 en bicampe\u00f3n de la justa.<br \/>Debutantes en el nacional del TecNM, Ximena Aguilar (-62 kilos) y Chris Aar\u00f3n Dionisio (-58) igualmente obtuvieron oro, en tanto, Jerem\u00edas Said Flores logr\u00f3 plata en M\u00e1s de 87 kilos.<\/p>\n","protected":false},"excerpt":{"rendered":"<p>En busca de su calificaci\u00f3n al LXVIII Evento Nacional Deportivo del Tecnol\u00f3gico Nacional de M\u00e9xico a efectuarse durante<\/p>\n","protected":false},"author":1,"featured_media":67404,"comment_status":"open","ping_status":"closed","sticky":false,"template":"","format":"standard","meta":{"footnotes":""},"categories":[12],"tags":[],"class_list":["post-67405","post","type-post","status-publish","format-standard","has-post-thumbnail","hentry","category-deportes"],"_links":{"self":[{"href":"https:\/\/www.deportivo800.com\/index.php?rest_route=\/wp\/v2\/posts\/67405","targetHints":{"allow":["GET"]}}],"collection":[{"href":"https:\/\/www.deportivo800.com\/index.php?rest_route=\/wp\/v2\/posts"}],"about":[{"href":"https:\/\/www.deportivo800.com\/index.php?rest_route=\/wp\/v2\/types\/post"}],"author":[{"embeddable":true,"href":"https:\/\/www.deportivo800.com\/index.php?rest_route=\/wp\/v2\/users\/1"}],"replies":[{"embeddable":true,"href":"https:\/\/www.deportivo800.com\/index.php?rest_route=%2Fwp%2Fv2%2Fcomments&post=67405"}],"version-history":[{"count":0,"href":"https:\/\/www.deportivo800.com\/index.php?rest_route=\/wp\/v2\/posts\/67405\/revisions"}],"wp:featuredmedia":[{"embeddable":true,"href":"https:\/\/www.deportivo800.com\/index.php?rest_route=\/wp\/v2\/media\/67404"}],"wp:attachment":[{"href":"https:\/\/www.deportivo800.com\/index.php?rest_route=%2Fwp%2Fv2%2Fmedia&parent=67405"}],"wp:term":[{"taxonomy":"category","embeddable":true,"href":"https:\/\/www.deportivo800.com\/index.php?rest_route=%2Fwp%2Fv2%2Fcategories&post=67405"},{"taxonomy":"post_tag","embeddable":true,"href":"https:\/\/www.deportivo800.com\/index.php?rest_route=%2Fwp%2Fv2%2Ftags&post=67405"}],"curies":[{"name":"wp","href":"https:\/\/api.w.org\/{rel}","templated":true}]}}