{"id":67366,"date":"2026-04-24T00:24:03","date_gmt":"2026-04-24T00:24:03","guid":{"rendered":"https:\/\/www.deportivo800.com\/?p=67366"},"modified":"2026-04-24T00:24:03","modified_gmt":"2026-04-24T00:24:03","slug":"redescubrir-el-centro-cultural-de-las-fronteras-desde-su-historia","status":"publish","type":"post","link":"https:\/\/www.deportivo800.com\/?p=67366","title":{"rendered":"REDESCUBRIR EL CENTRO CULTURAL DE LAS FRONTERAS DESDE SU HISTORIA"},"content":{"rendered":"<p>Reflexionando sobre 10 a\u00f1os de trabajo cultural, gesti\u00f3n y comunidad<\/p>\n<p><a href=\"https:\/\/www.deportivo800.com\/wp-content\/uploads\/2026\/04\/Dialogo-y-musica-CCF-10-750x375.jpg\"><img loading=\"lazy\" decoding=\"async\" class=\"aligncenter size-full wp-image-409355\" src=\"https:\/\/www.deportivo800.com\/wp-content\/uploads\/2026\/04\/Dialogo-y-musica-CCF-10-750x375.jpg\" alt=\"\" width=\"750\" height=\"375\" \/><\/a><\/p>\n<p>Este 23 de abril, se llev\u00f3 a cabo en el Centro Cultural de las Fronteras (CCF) el conversatorio: \u00abDiez a\u00f1os construyendo identidad, arte y comunidad\u00bb. Los ponentes fueron el maestro Alejandro Castillo, director general de Difusi\u00f3n Cultural y Divulgaci\u00f3n Cient\u00edfica Arte de la UACJ, la doctora Alpha Escobedo y el maestro Ram\u00f3n Chavira, exdirectores de esta \u00e1rea y como moderador, el maestro Blas Garc\u00eda, subdirector de Producci\u00f3n Cultural.<\/p>\n<p>El maestro Alejandro Castillo hizo referencia al reto en el que se trabaja diariamente: lograr impactar y presentar un espacio a la comunidad, una gesti\u00f3n que cree en las alianzas para crecer y ver hacia el futuro:<\/p>\n<p><em>\u201cLo que se genera desde aqu\u00ed, la creatividad para ofrecer actividades y contenidos para nuestra comunidad\u2026 cada vez tenemos m\u00e1s visitas, m\u00e1s gente que lo considera como lo que es: un gran espacio y un espacio hermoso que tiene la ciudad, y del que tenemos que estar muy orgullosos\u201d.<\/em><\/p>\n<p><em><img loading=\"lazy\" decoding=\"async\" class=\" wp-image-96514 aligncenter\" src=\"https:\/\/comunica.uacj.mx\/wp-content\/uploads\/2026\/04\/Dialogo-y-musica-CCF-18-300x200.jpg\" sizes=\"auto, (max-width: 458px) 100vw, 458px\" srcset=\"https:\/\/comunica.uacj.mx\/wp-content\/uploads\/2026\/04\/Dialogo-y-musica-CCF-18-300x200.jpg 300w, https:\/\/comunica.uacj.mx\/wp-content\/uploads\/2026\/04\/Dialogo-y-musica-CCF-18-1024x682.jpg 1024w, https:\/\/comunica.uacj.mx\/wp-content\/uploads\/2026\/04\/Dialogo-y-musica-CCF-18-768x511.jpg 768w, https:\/\/comunica.uacj.mx\/wp-content\/uploads\/2026\/04\/Dialogo-y-musica-CCF-18-1536x1022.jpg 1536w, https:\/\/comunica.uacj.mx\/wp-content\/uploads\/2026\/04\/Dialogo-y-musica-CCF-18-500x333.jpg 500w, https:\/\/comunica.uacj.mx\/wp-content\/uploads\/2026\/04\/Dialogo-y-musica-CCF-18-800x533.jpg 800w, https:\/\/comunica.uacj.mx\/wp-content\/uploads\/2026\/04\/Dialogo-y-musica-CCF-18-1280x852.jpg 1280w, https:\/\/comunica.uacj.mx\/wp-content\/uploads\/2026\/04\/Dialogo-y-musica-CCF-18-1320x879.jpg 1320w, https:\/\/comunica.uacj.mx\/wp-content\/uploads\/2026\/04\/Dialogo-y-musica-CCF-18-750x499.jpg 750w, https:\/\/comunica.uacj.mx\/wp-content\/uploads\/2026\/04\/Dialogo-y-musica-CCF-18-1140x759.jpg 1140w, https:\/\/comunica.uacj.mx\/wp-content\/uploads\/2026\/04\/Dialogo-y-musica-CCF-18.jpg 1920w\" alt=\"\" width=\"399\" height=\"266\" data-pin-no-hover=\"true\" \/><\/em><\/p>\n<p>El maestro Ram\u00f3n Chavira comparti\u00f3 que, antes de que se inaugurara el Centro Cultural, ya se buscaban espacios para el fomento a la cultura, como fue la creaci\u00f3n de la librer\u00eda universitaria:<\/p>\n<p><em>\u201cLa UACJ tiene la responsabilidad de recoger el sentir de la ciudad; nos hacen falta muchos centros culturales. Ju\u00e1rez ha construido una Universidad a contracorriente, tiene una resiliencia impresionante\u201d.<\/em><\/p>\n<p>La doctora Alpha Escobedo rememor\u00f3 el trabajo realizado en equipo, el seguimiento a los proyectos de mejora a los que se enfrent\u00f3 en su gesti\u00f3n e incluso la adaptaci\u00f3n frente al COVID-19:<\/p>\n<p><em>\u201cEl arte y la cultura son actividades que hacen que valga la pena vivir; este es un lugar para estar (CCF). Somos, \u00e9ramos y seguiremos siendo un equipo muy preparado en las artes\u201d.<\/em><\/p>\n<blockquote>\n<p><strong>Un recorrido con alma y coraz\u00f3n en la cultura\u2026<\/strong><\/p>\n<\/blockquote>\n<p>Desde la colonia El Granjero, cerca de 50 alumnos de la escuela Preparatoria Rodolfo Acosta Benavides (RAB) fueron los invitados especiales de esta ocasi\u00f3n.<\/p>\n<p>Despu\u00e9s del conversatorio, la maestra Perla Robledo, a cargo del proyecto de visitas guiadas, fue la encargada de encabezar el recorrido desde la Sala Inmersiva con la proyecci\u00f3n de \u00abColisionador de Ideas\u00bb, acompa\u00f1arles al Cine Universitario para la proyecci\u00f3n de algunos cortometrajes y guiarles en un corto vistazo a algunas de las actividades de la Fiesta de los Libros.<\/p>\n<p><em>\u201cRecibimos a todo tipo de p\u00fablico, desde primeras infancias hasta universitarios, p\u00fablico en general y centros comunitarios; cualquier p\u00fablico que quiera venir a estos espacios es bienvenido. La importancia de estos espacios es sembrar en ellos el gusto por las artes, por la ciencia y por la cultura\u201d,<\/em>\u00a0expres\u00f3 Perla Robledo.<\/p>\n<p><img loading=\"lazy\" decoding=\"async\" class=\"size-medium wp-image-96502 alignleft\" src=\"https:\/\/comunica.uacj.mx\/wp-content\/uploads\/2026\/04\/Dialogo-y-musica-CCF-35-300x200.jpg\" sizes=\"auto, (max-width: 300px) 100vw, 300px\" srcset=\"https:\/\/comunica.uacj.mx\/wp-content\/uploads\/2026\/04\/Dialogo-y-musica-CCF-35-300x200.jpg 300w, https:\/\/comunica.uacj.mx\/wp-content\/uploads\/2026\/04\/Dialogo-y-musica-CCF-35-1024x682.jpg 1024w, https:\/\/comunica.uacj.mx\/wp-content\/uploads\/2026\/04\/Dialogo-y-musica-CCF-35-768x511.jpg 768w, https:\/\/comunica.uacj.mx\/wp-content\/uploads\/2026\/04\/Dialogo-y-musica-CCF-35-1536x1022.jpg 1536w, https:\/\/comunica.uacj.mx\/wp-content\/uploads\/2026\/04\/Dialogo-y-musica-CCF-35-500x333.jpg 500w, https:\/\/comunica.uacj.mx\/wp-content\/uploads\/2026\/04\/Dialogo-y-musica-CCF-35-800x533.jpg 800w, https:\/\/comunica.uacj.mx\/wp-content\/uploads\/2026\/04\/Dialogo-y-musica-CCF-35-1280x852.jpg 1280w, https:\/\/comunica.uacj.mx\/wp-content\/uploads\/2026\/04\/Dialogo-y-musica-CCF-35-1320x879.jpg 1320w, https:\/\/comunica.uacj.mx\/wp-content\/uploads\/2026\/04\/Dialogo-y-musica-CCF-35-750x499.jpg 750w, https:\/\/comunica.uacj.mx\/wp-content\/uploads\/2026\/04\/Dialogo-y-musica-CCF-35-1140x759.jpg 1140w, https:\/\/comunica.uacj.mx\/wp-content\/uploads\/2026\/04\/Dialogo-y-musica-CCF-35.jpg 1920w\" alt=\"\" width=\"300\" height=\"200\" data-pin-no-hover=\"true\" \/>El cierre estuvo a cargo de las hermanas Centeno, con la presentaci\u00f3n del Grupo Marimba T\u00edpica Universitaria; la versatilidad logr\u00f3 dar ritmo y alegr\u00eda a esta visita al Centro Cultural de las Fronteras.<\/p>\n<p><em>\u201cLa marimba es un instrumento que no es tan popular en el estado de Chihuahua; nosotros nos hemos dado a la tarea, gracias a la Universidad, de dar a conocer el instrumento y m\u00e1s en generaciones j\u00f3venes\u201d<\/em>, explic\u00f3 Claudia Centeno.<\/p>\n<p><strong>Alumnas de la preparatoria RAB, compartieron sus experiencias en el CCF:<\/strong><\/p>\n<p><img loading=\"lazy\" decoding=\"async\" class=\" wp-image-96507 alignright\" src=\"https:\/\/comunica.uacj.mx\/wp-content\/uploads\/2026\/04\/Dialogo-y-musica-CCF-28-300x200.jpg\" sizes=\"auto, (max-width: 245px) 100vw, 245px\" srcset=\"https:\/\/comunica.uacj.mx\/wp-content\/uploads\/2026\/04\/Dialogo-y-musica-CCF-28-300x200.jpg 300w, https:\/\/comunica.uacj.mx\/wp-content\/uploads\/2026\/04\/Dialogo-y-musica-CCF-28-1024x682.jpg 1024w, https:\/\/comunica.uacj.mx\/wp-content\/uploads\/2026\/04\/Dialogo-y-musica-CCF-28-768x511.jpg 768w, https:\/\/comunica.uacj.mx\/wp-content\/uploads\/2026\/04\/Dialogo-y-musica-CCF-28-1536x1022.jpg 1536w, https:\/\/comunica.uacj.mx\/wp-content\/uploads\/2026\/04\/Dialogo-y-musica-CCF-28-500x333.jpg 500w, https:\/\/comunica.uacj.mx\/wp-content\/uploads\/2026\/04\/Dialogo-y-musica-CCF-28-800x533.jpg 800w, https:\/\/comunica.uacj.mx\/wp-content\/uploads\/2026\/04\/Dialogo-y-musica-CCF-28-1280x852.jpg 1280w, https:\/\/comunica.uacj.mx\/wp-content\/uploads\/2026\/04\/Dialogo-y-musica-CCF-28-1320x879.jpg 1320w, https:\/\/comunica.uacj.mx\/wp-content\/uploads\/2026\/04\/Dialogo-y-musica-CCF-28-750x499.jpg 750w, https:\/\/comunica.uacj.mx\/wp-content\/uploads\/2026\/04\/Dialogo-y-musica-CCF-28-1140x759.jpg 1140w, https:\/\/comunica.uacj.mx\/wp-content\/uploads\/2026\/04\/Dialogo-y-musica-CCF-28.jpg 1920w\" alt=\"\" width=\"245\" height=\"163\" data-pin-no-hover=\"true\" \/><strong>Daniela:<\/strong>\u00a0<em>\u201cNo conoc\u00eda aqu\u00ed, pero la verdad me gust\u00f3 mucho; me gust\u00f3 mucho la sala inmersiva, no la conoc\u00eda, fue una experiencia muy, muy padre, hay muchas actividades\u201d.<\/em><\/p>\n<p><strong>Alexa:<\/strong>\u00a0<em>\u201cEstuvo muy padre la experiencia, porque ahorita nos ponen m\u00fasica, estamos bailando, no sab\u00edamos que hab\u00eda cine; la verdad es una experiencia muy bonita que nos traigan aqu\u00ed\u201d.<\/em><\/p>\n<p><img loading=\"lazy\" decoding=\"async\" class=\" wp-image-96508 alignleft\" src=\"https:\/\/comunica.uacj.mx\/wp-content\/uploads\/2026\/04\/Dialogo-y-musica-CCF-26-300x200.jpg\" sizes=\"auto, (max-width: 279px) 100vw, 279px\" srcset=\"https:\/\/comunica.uacj.mx\/wp-content\/uploads\/2026\/04\/Dialogo-y-musica-CCF-26-300x200.jpg 300w, https:\/\/comunica.uacj.mx\/wp-content\/uploads\/2026\/04\/Dialogo-y-musica-CCF-26-1024x682.jpg 1024w, https:\/\/comunica.uacj.mx\/wp-content\/uploads\/2026\/04\/Dialogo-y-musica-CCF-26-768x511.jpg 768w, https:\/\/comunica.uacj.mx\/wp-content\/uploads\/2026\/04\/Dialogo-y-musica-CCF-26-1536x1022.jpg 1536w, https:\/\/comunica.uacj.mx\/wp-content\/uploads\/2026\/04\/Dialogo-y-musica-CCF-26-500x333.jpg 500w, https:\/\/comunica.uacj.mx\/wp-content\/uploads\/2026\/04\/Dialogo-y-musica-CCF-26-800x533.jpg 800w, https:\/\/comunica.uacj.mx\/wp-content\/uploads\/2026\/04\/Dialogo-y-musica-CCF-26-1280x852.jpg 1280w, https:\/\/comunica.uacj.mx\/wp-content\/uploads\/2026\/04\/Dialogo-y-musica-CCF-26-1320x879.jpg 1320w, https:\/\/comunica.uacj.mx\/wp-content\/uploads\/2026\/04\/Dialogo-y-musica-CCF-26-750x499.jpg 750w, https:\/\/comunica.uacj.mx\/wp-content\/uploads\/2026\/04\/Dialogo-y-musica-CCF-26-1140x759.jpg 1140w, https:\/\/comunica.uacj.mx\/wp-content\/uploads\/2026\/04\/Dialogo-y-musica-CCF-26.jpg 1920w\" alt=\"\" width=\"279\" height=\"186\" data-pin-no-hover=\"true\" \/><strong>Victoria:<\/strong>\u00a0<em>\u201cFue una experiencia \u00fanica, algo que no hab\u00eda vivido antes; me gustar\u00eda volver a venir bastantes veces. Me gust\u00f3 mucho el ambiente, todas las actividades que tiene; me pareci\u00f3 muy interesante y divertido\u201d.<\/em><\/p>\n<p><strong>Valeria:<\/strong>\u00a0<em>\u201cEl cine estuvo muy padre, fue diferente, estuvieron graciosos los cortometrajes y tambi\u00e9n pintar; pues hicimos nuestros propios separadores y estuvo muy divertido\u201d.<\/em><\/p>\n","protected":false},"excerpt":{"rendered":"<p>Reflexionando sobre 10 a\u00f1os de trabajo cultural, gesti\u00f3n y comunidad Este 23 de abril, se llev\u00f3 a cabo<\/p>\n","protected":false},"author":1,"featured_media":67365,"comment_status":"open","ping_status":"closed","sticky":false,"template":"","format":"standard","meta":{"footnotes":""},"categories":[51],"tags":[],"class_list":["post-67366","post","type-post","status-publish","format-standard","has-post-thumbnail","hentry","category-actualidad"],"_links":{"self":[{"href":"https:\/\/www.deportivo800.com\/index.php?rest_route=\/wp\/v2\/posts\/67366","targetHints":{"allow":["GET"]}}],"collection":[{"href":"https:\/\/www.deportivo800.com\/index.php?rest_route=\/wp\/v2\/posts"}],"about":[{"href":"https:\/\/www.deportivo800.com\/index.php?rest_route=\/wp\/v2\/types\/post"}],"author":[{"embeddable":true,"href":"https:\/\/www.deportivo800.com\/index.php?rest_route=\/wp\/v2\/users\/1"}],"replies":[{"embeddable":true,"href":"https:\/\/www.deportivo800.com\/index.php?rest_route=%2Fwp%2Fv2%2Fcomments&post=67366"}],"version-history":[{"count":0,"href":"https:\/\/www.deportivo800.com\/index.php?rest_route=\/wp\/v2\/posts\/67366\/revisions"}],"wp:featuredmedia":[{"embeddable":true,"href":"https:\/\/www.deportivo800.com\/index.php?rest_route=\/wp\/v2\/media\/67365"}],"wp:attachment":[{"href":"https:\/\/www.deportivo800.com\/index.php?rest_route=%2Fwp%2Fv2%2Fmedia&parent=67366"}],"wp:term":[{"taxonomy":"category","embeddable":true,"href":"https:\/\/www.deportivo800.com\/index.php?rest_route=%2Fwp%2Fv2%2Fcategories&post=67366"},{"taxonomy":"post_tag","embeddable":true,"href":"https:\/\/www.deportivo800.com\/index.php?rest_route=%2Fwp%2Fv2%2Ftags&post=67366"}],"curies":[{"name":"wp","href":"https:\/\/api.w.org\/{rel}","templated":true}]}}