{"id":67364,"date":"2026-04-24T00:09:46","date_gmt":"2026-04-24T00:09:46","guid":{"rendered":"https:\/\/www.deportivo800.com\/?p=67364"},"modified":"2026-04-24T00:09:46","modified_gmt":"2026-04-24T00:09:46","slug":"el-sabor-de-la-movilidad","status":"publish","type":"post","link":"https:\/\/www.deportivo800.com\/?p=67364","title":{"rendered":"EL SABOR DE LA MOVILIDAD"},"content":{"rendered":"<p>La UACJ celebra el Encuentro de Internacionalizaci\u00f3n 2026-1 en la Plaza de la Convivencia en el ICB<\/p>\n<p><a href=\"https:\/\/www.deportivo800.com\/wp-content\/uploads\/2026\/04\/cobertura-2-750x375.jpg\"><img loading=\"lazy\" decoding=\"async\" class=\"aligncenter size-full wp-image-409354\" src=\"https:\/\/www.deportivo800.com\/wp-content\/uploads\/2026\/04\/cobertura-2-750x375.jpg\" alt=\"\" width=\"750\" height=\"375\" \/><\/a><\/p>\n<p class=\"has-drop-cap\">l aroma a romero mediterr\u00e1neo, el misticismo del mate argentino y el saz\u00f3n caribe\u00f1o de origen colombiano se apoderaron este 23 de abril de\u00a0<strong>la Plaza de la Convivencia en el Instituto de Ciencias Biom\u00e9dicas (ICB)<\/strong>\u00a0durante el\u00a0<strong><em>Encuentro de Internacionalizaci\u00f3n 2026-1<\/em><\/strong>.<\/p>\n<p>En un evento organizado por la\u00a0<strong>Direcci\u00f3n General de Vinculaci\u00f3n, Intercambio y Responsabilidad Social de la Universidad Aut\u00f3noma de Ciudad Ju\u00e1rez (UACJ)<\/strong>, la muestra gastron\u00f3mica se consolid\u00f3 como el puente definitivo para estrechar lazos entre quienes regresan a casa y quienes adoptan a Ju\u00e1rez, temporalmente, como su nuevo hogar acad\u00e9mico.<\/p>\n<p class=\"has-text-align-center has-medium-font-size\"><strong>De Roma a Ju\u00e1rez: lecciones de autonom\u00eda y consumo consciente<\/strong><\/p>\n<p>Para Paulina \u00c1lvarez, estudiante de la Licenciatura en Publicidad, su estad\u00eda en la Universidad Sapienza de Roma, Italia, represent\u00f3 una lecci\u00f3n acad\u00e9mica y un cambio de paradigma en el estilo de vida, destacando el contraste entre la \u00ab<em>teor\u00eda profunda<\/em>\u00bb europea y la \u00ab<em>pr\u00e1ctica inmediata<\/em>\u00bb mexicana.<\/p>\n<p><em>\u00abEn Italia aprend\u00ed a gestionar mi propio ritmo. Los maestros respetan tu independencia; si no puedes asistir, estudias sus libros y te presentas al examen\u00bb<\/em>, comparti\u00f3.<\/p>\n<p>En el \u00e1mbito publicitario, Paulina observ\u00f3 una sociedad menos consumista que prioriza la experiencia y la durabilidad sobre la compra impulsiva. Esta filosof\u00eda se traslad\u00f3 a su cocina: hoy valora el aceite de oliva como eje central y ha adoptado la disciplina nutricional europea, donde la carne roja y los productos procesados tienen un lugar medido y consciente en la dieta semanal.<\/p>\n<p class=\"has-text-align-center has-medium-font-size\"><strong>Colombia y el choque cultural en la frontera<\/strong><\/p>\n<p>La presencia sudamericana fue vibrante gracias a estudiantes como Alice Nicole Gonz\u00e1lez, de la Licenciatura en Qu\u00edmica, y Melanie Hirogahil, alumna del Programa en Artes Visuales.<\/p>\n<div class=\"wp-block-media-text is-stacked-on-mobile\">\n<figure class=\"wp-block-media-text__media\"><img loading=\"lazy\" decoding=\"async\" class=\"wp-image-96555 \" src=\"https:\/\/comunica.uacj.mx\/wp-content\/uploads\/2026\/04\/Muestra-Gastronomica-1024x768.jpeg\" sizes=\"auto, (max-width: 1024px) 100vw, 1024px\" srcset=\"https:\/\/comunica.uacj.mx\/wp-content\/uploads\/2026\/04\/Muestra-Gastronomica-1024x768.jpeg 1024w, https:\/\/comunica.uacj.mx\/wp-content\/uploads\/2026\/04\/Muestra-Gastronomica-300x225.jpeg 300w, https:\/\/comunica.uacj.mx\/wp-content\/uploads\/2026\/04\/Muestra-Gastronomica-768x576.jpeg 768w, https:\/\/comunica.uacj.mx\/wp-content\/uploads\/2026\/04\/Muestra-Gastronomica-500x375.jpeg 500w, https:\/\/comunica.uacj.mx\/wp-content\/uploads\/2026\/04\/Muestra-Gastronomica-800x600.jpeg 800w, https:\/\/comunica.uacj.mx\/wp-content\/uploads\/2026\/04\/Muestra-Gastronomica-750x563.jpeg 750w, https:\/\/comunica.uacj.mx\/wp-content\/uploads\/2026\/04\/Muestra-Gastronomica-1140x855.jpeg 1140w, https:\/\/comunica.uacj.mx\/wp-content\/uploads\/2026\/04\/Muestra-Gastronomica.jpeg 1280w\" alt=\"\" width=\"400\" height=\"300\" data-pin-no-hover=\"true\" \/><\/figure>\n<div class=\"wp-block-media-text__content\">\n<p class=\"has-black-color has-vivid-cyan-blue-background-color has-text-color has-background has-link-color wp-elements-ae46d8b4f8643654f7577e5b9e4baa81\"><strong>Para Alice, la UACJ ha sido un espacio de\u00a0<em>\u00abtolerancia y apertura\u00bb<\/em>, destacando la calidez humana y la infraestructura abierta de la universidad, que contrasta con los espacios cerrados de su natal Quind\u00edo.<\/strong><\/p>\n<p class=\"has-black-color has-vivid-cyan-blue-background-color has-text-color has-background has-link-color wp-elements-e5891ff5956584b7c57af873a8fbd20c\"><strong>Por su parte, Melanie, proveniente de la Universidad del Valle en Cali, describi\u00f3 la frontera juarense como un escenario \u00ab<em>ut\u00f3pico y duro<\/em>\u00bb por su observaci\u00f3n de la mezcla entre la cultura mexicana y la estadounidense.<\/strong><\/p>\n<\/div>\n<\/div>\n<p>Adem\u00e1s, ahond\u00f3 que la presencia f\u00edsica del muro y el r\u00edo, representan una realidad \u00ab<em>avasallante<\/em>\u00bb que redefine la percepci\u00f3n del territorio.<\/p>\n<p>Ambas coincidieron en que la comida es el mejor veh\u00edculo para combatir la \u00ab<em>americanizaci\u00f3n<\/em>\u00bb local, ofreciendo a la comunidad fronteriza una alternativa de sabores aut\u00e9nticos que invitan a salir de la rutina culinaria.<\/p>\n<p class=\"has-text-align-center has-medium-font-size\"><strong>Resiliencia y orgullo mexicano en el Cono Sur<\/strong><\/p>\n<p>Desde la Licenciatura en Administraci\u00f3n de Empresas en el Instituto de Ciencias Sociales y Administraci\u00f3n (ICSA), Daniela Alejandra Guerra record\u00f3 su paso por la Universidad Nacional de Cuyo en Mendoza, Argentina. Su testimonio subray\u00f3 que el intercambio es, ante todo, un ejercicio de crecimiento personal.<\/p>\n<p><em>\u00abUno cree que porque hablamos espa\u00f1ol es el mismo idioma, pero la cultura es otra\u00bb<\/em>, explic\u00f3 Daniela.<\/p>\n<p>M\u00e1s all\u00e1 del consumo de pasta, carne y mate, la estudiante enfatiz\u00f3 la resiliencia necesaria para resolver situaciones en un pa\u00eds extra\u00f1o y el orgullo de fungir como embajadora cultural ante compa\u00f1eros de Francia, Alemania y, por supuesto, de Argentina.<\/p>\n<p class=\"has-text-align-center has-medium-font-size\"><strong>Un balance de integraci\u00f3n<\/strong><\/p>\n<p>La muestra gastron\u00f3mica del ciclo 2026-1 no fue solo un evento de degustaci\u00f3n; fue la evidencia de que la internacionalizaci\u00f3n en la UACJ ha madurado. Los estudiantes ya no solo traen consigo cr\u00e9ditos acad\u00e9micos, sino una capacidad cr\u00edtica para comparar sistemas de consumo, h\u00e1bitos de salud y estructuras sociales.<\/p>\n<p>En este encuentro, la cocina sirvi\u00f3 para recordar que, aunque las fronteras f\u00edsicas puedan parecer infranqueables, la diversidad de sabores es capaz de derribar cualquier muro.<\/p>\n","protected":false},"excerpt":{"rendered":"<p>La UACJ celebra el Encuentro de Internacionalizaci\u00f3n 2026-1 en la Plaza de la Convivencia en el ICB l<\/p>\n","protected":false},"author":1,"featured_media":67363,"comment_status":"open","ping_status":"closed","sticky":false,"template":"","format":"standard","meta":{"footnotes":""},"categories":[51],"tags":[],"class_list":["post-67364","post","type-post","status-publish","format-standard","has-post-thumbnail","hentry","category-actualidad"],"_links":{"self":[{"href":"https:\/\/www.deportivo800.com\/index.php?rest_route=\/wp\/v2\/posts\/67364","targetHints":{"allow":["GET"]}}],"collection":[{"href":"https:\/\/www.deportivo800.com\/index.php?rest_route=\/wp\/v2\/posts"}],"about":[{"href":"https:\/\/www.deportivo800.com\/index.php?rest_route=\/wp\/v2\/types\/post"}],"author":[{"embeddable":true,"href":"https:\/\/www.deportivo800.com\/index.php?rest_route=\/wp\/v2\/users\/1"}],"replies":[{"embeddable":true,"href":"https:\/\/www.deportivo800.com\/index.php?rest_route=%2Fwp%2Fv2%2Fcomments&post=67364"}],"version-history":[{"count":0,"href":"https:\/\/www.deportivo800.com\/index.php?rest_route=\/wp\/v2\/posts\/67364\/revisions"}],"wp:featuredmedia":[{"embeddable":true,"href":"https:\/\/www.deportivo800.com\/index.php?rest_route=\/wp\/v2\/media\/67363"}],"wp:attachment":[{"href":"https:\/\/www.deportivo800.com\/index.php?rest_route=%2Fwp%2Fv2%2Fmedia&parent=67364"}],"wp:term":[{"taxonomy":"category","embeddable":true,"href":"https:\/\/www.deportivo800.com\/index.php?rest_route=%2Fwp%2Fv2%2Fcategories&post=67364"},{"taxonomy":"post_tag","embeddable":true,"href":"https:\/\/www.deportivo800.com\/index.php?rest_route=%2Fwp%2Fv2%2Ftags&post=67364"}],"curies":[{"name":"wp","href":"https:\/\/api.w.org\/{rel}","templated":true}]}}