{"id":67356,"date":"2026-04-23T18:21:44","date_gmt":"2026-04-23T18:21:44","guid":{"rendered":"https:\/\/www.deportivo800.com\/?p=67356"},"modified":"2026-04-23T18:21:44","modified_gmt":"2026-04-23T18:21:44","slug":"el-arte-de-expresarse-a-traves-de-los-libros","status":"publish","type":"post","link":"https:\/\/www.deportivo800.com\/?p=67356","title":{"rendered":"EL ARTE DE EXPRESARSE A TRAVES DE LOS LIBROS"},"content":{"rendered":"<p>Concluye taller de libro arte y pop-up en el CCF<\/p>\n<p><a href=\"https:\/\/www.deportivo800.com\/wp-content\/uploads\/2026\/04\/Taller-Libro-Arte1-1140x570.jpg\"><img loading=\"lazy\" decoding=\"async\" class=\"aligncenter size-full wp-image-409331\" src=\"https:\/\/www.deportivo800.com\/wp-content\/uploads\/2026\/04\/Taller-Libro-Arte1-1140x570.jpg\" alt=\"\" width=\"1140\" height=\"570\" \/><\/a><\/p>\n<p>Como parte de las actividades de la Fiesta de los Libros se llev\u00f3 a cabo el taller de\u00a0<em>Libro arte y pop-up, \u201cLa casa en m\u00ed\u201d<\/em>, un espacio de creaci\u00f3n, aprendizaje y arte, realizado este 22 de abril en el Centro Cultural de las Fronteras (CCF), con ello concluy\u00f3 la segunda sesi\u00f3n del taller que orient\u00f3 el maestro Francisco Villa Vargas.<\/p>\n<p>Desde la Facultad Popular de Bellas Artes de la Universidad Michoacana y como parte de los convenios de alianza con la Universidad Aut\u00f3noma de Ciudad Ju\u00e1rez (UACJ), se tuvo la posibilidad de invitar al p\u00fablico en general a la creaci\u00f3n de libros de manera artesanal con la exploraci\u00f3n de la tem\u00e1tica de identidad del hogar y la conformaci\u00f3n de una casa.<\/p>\n<p><img loading=\"lazy\" decoding=\"async\" class=\"size-medium wp-image-96465 alignleft\" src=\"https:\/\/comunica.uacj.mx\/wp-content\/uploads\/2026\/04\/Taller-Libro-Arte2-300x225.jpg\" sizes=\"auto, (max-width: 300px) 100vw, 300px\" srcset=\"https:\/\/comunica.uacj.mx\/wp-content\/uploads\/2026\/04\/Taller-Libro-Arte2-300x225.jpg 300w, https:\/\/comunica.uacj.mx\/wp-content\/uploads\/2026\/04\/Taller-Libro-Arte2-1024x768.jpg 1024w, https:\/\/comunica.uacj.mx\/wp-content\/uploads\/2026\/04\/Taller-Libro-Arte2-768x576.jpg 768w, https:\/\/comunica.uacj.mx\/wp-content\/uploads\/2026\/04\/Taller-Libro-Arte2-1536x1152.jpg 1536w, https:\/\/comunica.uacj.mx\/wp-content\/uploads\/2026\/04\/Taller-Libro-Arte2-500x375.jpg 500w, https:\/\/comunica.uacj.mx\/wp-content\/uploads\/2026\/04\/Taller-Libro-Arte2-800x600.jpg 800w, https:\/\/comunica.uacj.mx\/wp-content\/uploads\/2026\/04\/Taller-Libro-Arte2-1280x960.jpg 1280w, https:\/\/comunica.uacj.mx\/wp-content\/uploads\/2026\/04\/Taller-Libro-Arte2-1320x990.jpg 1320w, https:\/\/comunica.uacj.mx\/wp-content\/uploads\/2026\/04\/Taller-Libro-Arte2-750x563.jpg 750w, https:\/\/comunica.uacj.mx\/wp-content\/uploads\/2026\/04\/Taller-Libro-Arte2-1140x855.jpg 1140w, https:\/\/comunica.uacj.mx\/wp-content\/uploads\/2026\/04\/Taller-Libro-Arte2.jpg 1920w\" alt=\"\" width=\"300\" height=\"225\" data-pin-no-hover=\"true\" \/>Villa Vargas es artista visual y profesor en el departamento de gr\u00e1fica en la Universidad Michoacana; acompa\u00f1\u00f3 a los participantes a la creaci\u00f3n desde cero de su\u00a0<em>libro arte y pop-up.<\/em>\u00a0La magia de este tipo de pieza es que aparentemente cerrado es un libro, pero a la hora de desplegarlo se vuelve una casa con cuatro habitaciones.<\/p>\n<p>\u201cQuiero agradecer, estoy muy contento con la experiencia de estar aqu\u00ed, de las actividades, la exposici\u00f3n, el recibimiento, el inter\u00e9s de todos. Gracias a las instituciones y a los asistentes\u201d, mencion\u00f3 el tallerista al iniciar su \u00faltima sesi\u00f3n.<\/p>\n<p>Los materiales requeridos fueron entregados de forma gratuita por la UACJ y as\u00ed, con plumones, hojas, marcadores, pintura y recortes, los asistentes imprimieron talento en sus obras, agregando un toque individual a cada trabajo.<\/p>\n<p>\u201cLa primera sesi\u00f3n conceptualizamos, salieron las ideas de lo que se iba a hacer dentro de cada libro, cortaron el papel en los formatos necesarios para hacer los pliegues; hoy trabajamos con las im\u00e1genes dentro del papel final y se van a pegar para generar el libro de acabado, con cosas relacionadas a su casa, cosas m\u00e1s emotivas, sensoriales\u201d, comparti\u00f3 el profesor Villa.<\/p>\n<p><img loading=\"lazy\" decoding=\"async\" class=\"wp-image-96464  aligncenter\" src=\"https:\/\/comunica.uacj.mx\/wp-content\/uploads\/2026\/04\/Taller-Libro-Arte3-e1776902861817-300x185.jpg\" sizes=\"auto, (max-width: 559px) 100vw, 559px\" srcset=\"https:\/\/comunica.uacj.mx\/wp-content\/uploads\/2026\/04\/Taller-Libro-Arte3-e1776902861817-300x185.jpg 300w, https:\/\/comunica.uacj.mx\/wp-content\/uploads\/2026\/04\/Taller-Libro-Arte3-e1776902861817-1024x633.jpg 1024w, https:\/\/comunica.uacj.mx\/wp-content\/uploads\/2026\/04\/Taller-Libro-Arte3-e1776902861817-768x475.jpg 768w, https:\/\/comunica.uacj.mx\/wp-content\/uploads\/2026\/04\/Taller-Libro-Arte3-e1776902861817-1536x950.jpg 1536w, https:\/\/comunica.uacj.mx\/wp-content\/uploads\/2026\/04\/Taller-Libro-Arte3-e1776902861817-500x309.jpg 500w, https:\/\/comunica.uacj.mx\/wp-content\/uploads\/2026\/04\/Taller-Libro-Arte3-e1776902861817-800x495.jpg 800w, https:\/\/comunica.uacj.mx\/wp-content\/uploads\/2026\/04\/Taller-Libro-Arte3-e1776902861817-1280x791.jpg 1280w, https:\/\/comunica.uacj.mx\/wp-content\/uploads\/2026\/04\/Taller-Libro-Arte3-e1776902861817-1320x816.jpg 1320w, https:\/\/comunica.uacj.mx\/wp-content\/uploads\/2026\/04\/Taller-Libro-Arte3-e1776902861817-750x464.jpg 750w, https:\/\/comunica.uacj.mx\/wp-content\/uploads\/2026\/04\/Taller-Libro-Arte3-e1776902861817-1140x705.jpg 1140w, https:\/\/comunica.uacj.mx\/wp-content\/uploads\/2026\/04\/Taller-Libro-Arte3-e1776902861817.jpg 1920w\" alt=\"\" width=\"400\" height=\"247\" data-pin-no-hover=\"true\" \/><\/p>\n<p>La creaci\u00f3n de este tipo de arte es introspectiva y visual, permite la expresi\u00f3n y comprensi\u00f3n desde otras perspectivas. El profesor a cargo del taller expres\u00f3 sus deseos para quienes se dieron la oportunidad de asistir:<\/p>\n<p>\u201cQue puedan ir creando y que sirva como entrada para este mundo del libro de artista; muchas personas en el taller escriben, entonces aunque el libro de artista es m\u00e1s visual tambi\u00e9n est\u00e1 muy ligado a la escritura, a crear, llevar m\u00e1s all\u00e1 su escritura, no solo en la impresi\u00f3n de un libro tradicional, sino generar sus propios libros creaci\u00f3n\u201d.<\/p>\n<p><img loading=\"lazy\" decoding=\"async\" class=\"size-medium wp-image-96463 alignright\" src=\"https:\/\/comunica.uacj.mx\/wp-content\/uploads\/2026\/04\/Taller-Libro-Arte4-300x225.jpg\" sizes=\"auto, (max-width: 300px) 100vw, 300px\" srcset=\"https:\/\/comunica.uacj.mx\/wp-content\/uploads\/2026\/04\/Taller-Libro-Arte4-300x225.jpg 300w, https:\/\/comunica.uacj.mx\/wp-content\/uploads\/2026\/04\/Taller-Libro-Arte4-1024x768.jpg 1024w, https:\/\/comunica.uacj.mx\/wp-content\/uploads\/2026\/04\/Taller-Libro-Arte4-768x576.jpg 768w, https:\/\/comunica.uacj.mx\/wp-content\/uploads\/2026\/04\/Taller-Libro-Arte4-1536x1152.jpg 1536w, https:\/\/comunica.uacj.mx\/wp-content\/uploads\/2026\/04\/Taller-Libro-Arte4-500x375.jpg 500w, https:\/\/comunica.uacj.mx\/wp-content\/uploads\/2026\/04\/Taller-Libro-Arte4-800x600.jpg 800w, https:\/\/comunica.uacj.mx\/wp-content\/uploads\/2026\/04\/Taller-Libro-Arte4-1280x960.jpg 1280w, https:\/\/comunica.uacj.mx\/wp-content\/uploads\/2026\/04\/Taller-Libro-Arte4-1320x990.jpg 1320w, https:\/\/comunica.uacj.mx\/wp-content\/uploads\/2026\/04\/Taller-Libro-Arte4-750x563.jpg 750w, https:\/\/comunica.uacj.mx\/wp-content\/uploads\/2026\/04\/Taller-Libro-Arte4-1140x855.jpg 1140w, https:\/\/comunica.uacj.mx\/wp-content\/uploads\/2026\/04\/Taller-Libro-Arte4.jpg 1920w\" alt=\"\" width=\"300\" height=\"225\" data-pin-no-hover=\"true\" \/>Ver\u00f3nica Palafox fue parte de quienes atendieron la convocatoria y comparti\u00f3 su experiencia:<\/p>\n<p>\u201cYo amo los talleres; este edificio para m\u00ed (CCF) es casi como si viviera aqu\u00ed. Cada vez que hay talleres que le permiten a mi cerebro descansar de la cotidianidad y entrar a otro tipo de arte, yo no pierdo la oportunidad de aprovechar. El libro de arte es algo que no se est\u00e1 explotando suficientemente en Ju\u00e1rez y me da mucho gusto que la Universidad est\u00e9 tomando la iniciativa de acercarlo y apuesto a que les brinque la necesidad de crear libros de arte, porque es hermoso\u201d.<\/p>\n<p>Adem\u00e1s del taller, se invit\u00f3 a la exposici\u00f3n del acervo de la Facultad Popular de Bellas Artes de la Universidad Michoacana, que muestra 20 a\u00f1os del trabajo en producci\u00f3n de libros de artista con estudiantes del \u00e1rea de gr\u00e1fica y tambi\u00e9n de los profesores que imparten clase dentro del \u00e1rea; se encuentra disponible en el Museo de Arte de Ciudad Ju\u00e1rez, en la antesala, hasta el viernes 24 de abril de 2026.<\/p>\n","protected":false},"excerpt":{"rendered":"<p>Concluye taller de libro arte y pop-up en el CCF Como parte de las actividades de la Fiesta<\/p>\n","protected":false},"author":1,"featured_media":67355,"comment_status":"open","ping_status":"closed","sticky":false,"template":"","format":"standard","meta":{"footnotes":""},"categories":[51],"tags":[],"class_list":["post-67356","post","type-post","status-publish","format-standard","has-post-thumbnail","hentry","category-actualidad"],"_links":{"self":[{"href":"https:\/\/www.deportivo800.com\/index.php?rest_route=\/wp\/v2\/posts\/67356","targetHints":{"allow":["GET"]}}],"collection":[{"href":"https:\/\/www.deportivo800.com\/index.php?rest_route=\/wp\/v2\/posts"}],"about":[{"href":"https:\/\/www.deportivo800.com\/index.php?rest_route=\/wp\/v2\/types\/post"}],"author":[{"embeddable":true,"href":"https:\/\/www.deportivo800.com\/index.php?rest_route=\/wp\/v2\/users\/1"}],"replies":[{"embeddable":true,"href":"https:\/\/www.deportivo800.com\/index.php?rest_route=%2Fwp%2Fv2%2Fcomments&post=67356"}],"version-history":[{"count":0,"href":"https:\/\/www.deportivo800.com\/index.php?rest_route=\/wp\/v2\/posts\/67356\/revisions"}],"wp:featuredmedia":[{"embeddable":true,"href":"https:\/\/www.deportivo800.com\/index.php?rest_route=\/wp\/v2\/media\/67355"}],"wp:attachment":[{"href":"https:\/\/www.deportivo800.com\/index.php?rest_route=%2Fwp%2Fv2%2Fmedia&parent=67356"}],"wp:term":[{"taxonomy":"category","embeddable":true,"href":"https:\/\/www.deportivo800.com\/index.php?rest_route=%2Fwp%2Fv2%2Fcategories&post=67356"},{"taxonomy":"post_tag","embeddable":true,"href":"https:\/\/www.deportivo800.com\/index.php?rest_route=%2Fwp%2Fv2%2Ftags&post=67356"}],"curies":[{"name":"wp","href":"https:\/\/api.w.org\/{rel}","templated":true}]}}