{"id":67328,"date":"2026-04-22T20:08:45","date_gmt":"2026-04-22T20:08:45","guid":{"rendered":"https:\/\/www.deportivo800.com\/?p=67328"},"modified":"2026-04-22T20:08:45","modified_gmt":"2026-04-22T20:08:45","slug":"se-fortalecen-alianzas-con-la-extension-universitaria-unam-oaxaca","status":"publish","type":"post","link":"https:\/\/www.deportivo800.com\/?p=67328","title":{"rendered":"SE FORTALECEN ALIANZAS CON LA EXTENSION UNIVERSITARIA UNAM-OAXACA"},"content":{"rendered":"<h3 class=\"wp-block-heading\"><strong>La doctora Raquel G\u00fcereca Dur\u00e1n visita la UACJ y comparte conocimientos sobre historia de pueblos ind\u00edgenas en la Nueva Espa\u00f1a<\/strong><\/h3>\n<p><a href=\"https:\/\/www.deportivo800.com\/wp-content\/uploads\/2026\/04\/Bienvenida-dra-Raquel12-1140x570.jpg\"><img loading=\"lazy\" decoding=\"async\" class=\"aligncenter size-full wp-image-409270\" src=\"https:\/\/www.deportivo800.com\/wp-content\/uploads\/2026\/04\/Bienvenida-dra-Raquel12-1140x570.jpg\" alt=\"\" width=\"1140\" height=\"570\" \/><\/a><\/p>\n<p>Como parte de los esfuerzos que se realizan en los espacios acad\u00e9micos de la Universidad Aut\u00f3noma de Ciudad Ju\u00e1rez (UACJ), la Direcci\u00f3n General de Vinculaci\u00f3n, Intercambio y Responsabilidad Social, as\u00ed como la Subdirecci\u00f3n de Cooperaci\u00f3n e Internacionalizaci\u00f3n, dieron la bienvenida a la\u00a0<strong>doctora Raquel G\u00fcereca Dur\u00e1n<\/strong>. La invitada es investigadora en el\u00a0<strong>Instituto de Investigaciones Hist\u00f3ricas de la Universidad Nacional Aut\u00f3noma de M\u00e9xico (UNAM), extensi\u00f3n Oaxaca<\/strong>.<\/p>\n<p>Su visita representa una alianza entre la UACJ y la UNAM-Oaxaca, debido a que estas estancias permiten que ambas comunidades universitarias se enriquezcan, mediante el di\u00e1logos y el intercambio de ideas.\u00a0<em>\u201cEs excelente que los estudiantes conozcan las actividades de vinculaci\u00f3n que existen en otras universidades de M\u00e9xico y los invitados que tenemos frecuentemente en la universidad\u201d,<\/em>\u00a0puntualiz\u00f3 la maestra Yadira Isela M\u00e1rquez Gonz\u00e1lez, de la Subdirecci\u00f3n de Cooperaci\u00f3n e Internacionalizaci\u00f3n.<\/p>\n<p>Asimismo, la maestra Kathya Yazm\u00edn S\u00e1nchez P\u00e9rez, directora General de Vinculaci\u00f3n, Intercambio y Responsabilidad Social, agreg\u00f3 que esta casa de estudios mantiene sus puertas abiertas a estudiantes, docentes e investigadores de otras instituciones para ampliar el conocimiento y beneficiar a la comunidad universitaria.<\/p>\n<p>Previo a la bienvenida, la doctora G\u00fcereca Dur\u00e1n comparti\u00f3 su enfoque de investigaci\u00f3n, las actividades que ha desempe\u00f1ado en su estancia y sus colaboraciones.\u00a0<\/p>\n<p><em>\u201cYo trabajo historia de los pueblos ind\u00edgenas y, particularmente me interesa la historia de los ind\u00edgenas, no en los centros mayoritarios de poblaci\u00f3n, no en las ciudades o centros urbanos, sino en lo que yo llamo, regiones perif\u00e9ricas o marginales. Desde hace tiempo he desarrollado una l\u00ednea de investigaci\u00f3n enfocada en rastrear la presencia social, pol\u00edtica, cultural de los ind\u00edgenas en el norte de M\u00e9xico. Hay una gran cantidad de estudios hist\u00f3ricos que nos han mostrado su importancia en la historia de la nueva Espa\u00f1a, periodo en el que me especializo\u201d.<\/em><\/p>\n<p>Explic\u00f3 que, desde su punto de vista, y particularmente por la que considera importante este tema, es debido a que la poblaci\u00f3n del norte de M\u00e9xico sigue siendo poco estudiada.\u00a0<em>\u201cHay muchas regiones que se consideran no ind\u00edgenas, que declaran que no tienen una herencia ind\u00edgena o una presencia ind\u00edgena. Por ello es relevante poder observar su presencia y su impacto cultural en estas regiones\u201d<\/em>.<\/p>\n<p>La investigadora enfatizo que la palabra<em>\u00a0\u201cind\u00edgena\u201d<\/em>\u00a0hace referencia a los habitantes nativos de determinados territorios antes de la llegada de los europeos. Son pueblos que efectivamente pueden tener una movilidad, pero que s\u00ed son nativos de estas tierras. Sin embargo, esto no significa que sean sociedades que no se transformen o que no cambien con la presencia europea, sino que van a entrar a un proceso muy r\u00e1pido de cambio cultural, pero no por eso dejan de ser ind\u00edgenas, o nativos del territorio\u201d.\u00a0<\/p>\n<div class=\"wp-block-image\">\n<figure class=\"alignleft size-large is-resized\"><img loading=\"lazy\" decoding=\"async\" class=\"wp-image-96364\" src=\"https:\/\/comunica.uacj.mx\/wp-content\/uploads\/2026\/04\/Bienvenida-dra-Raquel21-1024x682.jpg\" sizes=\"auto, (max-width: 1024px) 100vw, 1024px\" srcset=\"https:\/\/comunica.uacj.mx\/wp-content\/uploads\/2026\/04\/Bienvenida-dra-Raquel21-1024x682.jpg 1024w, https:\/\/comunica.uacj.mx\/wp-content\/uploads\/2026\/04\/Bienvenida-dra-Raquel21-300x200.jpg 300w, https:\/\/comunica.uacj.mx\/wp-content\/uploads\/2026\/04\/Bienvenida-dra-Raquel21-768x511.jpg 768w, https:\/\/comunica.uacj.mx\/wp-content\/uploads\/2026\/04\/Bienvenida-dra-Raquel21-1536x1022.jpg 1536w, https:\/\/comunica.uacj.mx\/wp-content\/uploads\/2026\/04\/Bienvenida-dra-Raquel21-500x333.jpg 500w, https:\/\/comunica.uacj.mx\/wp-content\/uploads\/2026\/04\/Bienvenida-dra-Raquel21-800x533.jpg 800w, https:\/\/comunica.uacj.mx\/wp-content\/uploads\/2026\/04\/Bienvenida-dra-Raquel21-1280x852.jpg 1280w, https:\/\/comunica.uacj.mx\/wp-content\/uploads\/2026\/04\/Bienvenida-dra-Raquel21-1320x879.jpg 1320w, https:\/\/comunica.uacj.mx\/wp-content\/uploads\/2026\/04\/Bienvenida-dra-Raquel21-750x499.jpg 750w, https:\/\/comunica.uacj.mx\/wp-content\/uploads\/2026\/04\/Bienvenida-dra-Raquel21-1140x759.jpg 1140w, https:\/\/comunica.uacj.mx\/wp-content\/uploads\/2026\/04\/Bienvenida-dra-Raquel21.jpg 1920w\" alt=\"\" width=\"351\" height=\"234\" data-pin-no-hover=\"true\" \/><\/figure>\n<\/div>\n<p>En la parte de actividades, la doctora G\u00fcereca Dur\u00e1n ha desempe\u00f1ado la tarea de recuperaci\u00f3n de archivos hist\u00f3ricos. El\u00a0<strong>taller \u00abMetodolog\u00eda para investigar grupo subalternos a partir de archivos hist\u00f3ricos\u00bb<\/strong>, con un duraci\u00f3n de 12 horas, tiene como eje central mostrar a los estudiantes la importancia de documentos hist\u00f3ricos e identificar algunas herramientas metodol\u00f3gicas para reconocer sujetos ind\u00edgenas, que no suelen ser los protagonistas de la historia oficial, pero que tienen un impacto en la construcci\u00f3n de las ciudades.\u00a0<\/p>\n<p><em>\u201c\u00bfC\u00f3mo los encontramos en los archivos?, a partir de mi experiencia de trabajo en archivos de diferentes partes del pa\u00eds y del mundo, puedes dar algunas pistas o herramientas para poder rastrear c\u00f3mo convertir un inter\u00e9s en una ruta de investigaci\u00f3n de archivo. Me gusta mucho trabajar en la difusi\u00f3n de los archivos y lo importante que es conservarlos, reservarlos en buen estado, porque son la materia prima justamente para construir nuestras historias, y nuestra memoria sobre c\u00f3mo habitamos\u201d,<\/em>\u00a0puntualiz\u00f3.<\/p>\n<p>Otra de sus actividades ser\u00e1 la presentaci\u00f3n de su obra titulada Milicias en la Am\u00e9rica Hispana, que se llevar\u00e1 a cabo en la Biblioteca Central Carlos Montemayor el jueves 23 de abril a las 11:00 horas.<\/p>\n<p>La Universidad Aut\u00f3noma de Ciudad Ju\u00e1rez sigue promoviendo el intercambio acad\u00e9mico a trav\u00e9s de los alumnos y maestros, as\u00ed como al recibir invitados de otras instituciones.\u00a0<\/p>\n<p><strong>Datos generales de la doctora Raquel G\u00fcereca Dur\u00e1n:<\/strong><\/p>\n<ul class=\"wp-block-list\">\n<li>Estancia del 20 al 24 de abril<\/li>\n<li>Investigadora asociada C en el Instituto de Investigaciones Hist\u00f3ricas de la UNAM<\/li>\n<li>Miembro del SNI nivel 1<\/li>\n<li>Doctora en Estudios Mesoamericanos<\/li>\n<li>Cuenta con amplia experiencia docente y ha sido reconocida con multiples permios academicos, entre ellos el de la Academia Mexicana de Ciencias a la mejor tesis doctoral en Humanidades (2018)<\/li>\n<\/ul>\n","protected":false},"excerpt":{"rendered":"<p>La doctora Raquel G\u00fcereca Dur\u00e1n visita la UACJ y comparte conocimientos sobre historia de pueblos ind\u00edgenas en la<\/p>\n","protected":false},"author":1,"featured_media":67327,"comment_status":"open","ping_status":"closed","sticky":false,"template":"","format":"standard","meta":{"footnotes":""},"categories":[51],"tags":[],"class_list":["post-67328","post","type-post","status-publish","format-standard","has-post-thumbnail","hentry","category-actualidad"],"_links":{"self":[{"href":"https:\/\/www.deportivo800.com\/index.php?rest_route=\/wp\/v2\/posts\/67328","targetHints":{"allow":["GET"]}}],"collection":[{"href":"https:\/\/www.deportivo800.com\/index.php?rest_route=\/wp\/v2\/posts"}],"about":[{"href":"https:\/\/www.deportivo800.com\/index.php?rest_route=\/wp\/v2\/types\/post"}],"author":[{"embeddable":true,"href":"https:\/\/www.deportivo800.com\/index.php?rest_route=\/wp\/v2\/users\/1"}],"replies":[{"embeddable":true,"href":"https:\/\/www.deportivo800.com\/index.php?rest_route=%2Fwp%2Fv2%2Fcomments&post=67328"}],"version-history":[{"count":0,"href":"https:\/\/www.deportivo800.com\/index.php?rest_route=\/wp\/v2\/posts\/67328\/revisions"}],"wp:featuredmedia":[{"embeddable":true,"href":"https:\/\/www.deportivo800.com\/index.php?rest_route=\/wp\/v2\/media\/67327"}],"wp:attachment":[{"href":"https:\/\/www.deportivo800.com\/index.php?rest_route=%2Fwp%2Fv2%2Fmedia&parent=67328"}],"wp:term":[{"taxonomy":"category","embeddable":true,"href":"https:\/\/www.deportivo800.com\/index.php?rest_route=%2Fwp%2Fv2%2Fcategories&post=67328"},{"taxonomy":"post_tag","embeddable":true,"href":"https:\/\/www.deportivo800.com\/index.php?rest_route=%2Fwp%2Fv2%2Ftags&post=67328"}],"curies":[{"name":"wp","href":"https:\/\/api.w.org\/{rel}","templated":true}]}}