{"id":67306,"date":"2026-04-22T02:42:31","date_gmt":"2026-04-22T02:42:31","guid":{"rendered":"https:\/\/www.deportivo800.com\/?p=67306"},"modified":"2026-04-22T02:42:31","modified_gmt":"2026-04-22T02:42:31","slug":"legado-de-amor-al-conocimiento","status":"publish","type":"post","link":"https:\/\/www.deportivo800.com\/?p=67306","title":{"rendered":"LEGADO DE AMOR AL CONOCIMIENTO"},"content":{"rendered":"<p>Rinden homenaje p\u00f3stumo y presentaci\u00f3n de libro<\/p>\n<p><a href=\"https:\/\/www.deportivo800.com\/wp-content\/uploads\/2026\/04\/Homenaje-postumo-y-presentacion-de-libro-8-1140x570.jpg\"><img loading=\"lazy\" decoding=\"async\" class=\"aligncenter size-full wp-image-409217\" src=\"https:\/\/www.deportivo800.com\/wp-content\/uploads\/2026\/04\/Homenaje-postumo-y-presentacion-de-libro-8-1140x570.jpg\" alt=\"\" width=\"1140\" height=\"570\" \/><\/a><\/p>\n<p>Desde la librer\u00eda de la UACJ, en el marco de la Fiesta de los Libros 2026, la presentaci\u00f3n del libro electr\u00f3nico:\u00a0<em>Programas de Alfabetizaci\u00f3n Informacional Desarrollados en Universidades Mexicanas<\/em>, de la mano del homenaje p\u00f3stumo al doctor Jos\u00e9 de Jes\u00fas Cort\u00e9s Vera, conformaron una tarde de agradecimiento, talento y recuerdos.<\/p>\n<p>Este 21 de abril, Lourdes Tiscare\u00f1o Arroyo, Jes\u00fas Lau Noriega, Javier Tarango y Tania Magaly Cort\u00e9s Flores presentaron este\u00a0<em>recuento de experiencias y un vistazo al futuro<\/em>; la presentaci\u00f3n del libro con 12 cap\u00edtulos es s\u00edmbolo del trabajo de las bibliotecas universitarias en M\u00e9xico, sus esfuerzos y la reflexi\u00f3n que viene de ello.<\/p>\n<p>Un recuento de lo que se ha realizado a nivel nacional en el \u00e1mbito de la educaci\u00f3n superior y sus bibliotecas con visi\u00f3n al futuro y, en la integraci\u00f3n de este texto, la participaci\u00f3n copiosa desde distintos estados de la Rep\u00fablica para abonar al tema.<\/p>\n<p>Tania Magaly Cort\u00e9s Flores, hija del doctor Jos\u00e9 de Jes\u00fas Cort\u00e9s Vera, comparti\u00f3 visi\u00f3n del trabajo de su padre, a quien se rindi\u00f3 homenaje.<\/p>\n<p>\u201cTengo 20 a\u00f1os en la UACJ y los mismos en la Oficina de la Abogac\u00eda General. Este libro es todo el esfuerzo que represent\u00f3 para mi pap\u00e1 antes de irse, todo ese trabajo. Porque adem\u00e1s de participar como autor en el libro, fue el compilador de aproximadamente 30 autores, un poco m\u00e1s; fue un arduo trabajo\u201d.<\/p>\n<p>Invit\u00f3 a la lectura del libro e insisti\u00f3 en la dedicaci\u00f3n de su padre y de los autores que participaron en \u00e9l, considerando que es un reflejo de su aprendizaje y de su camino.<\/p>\n<div class=\"jeg_preview_slider gallery_1\" data-selector=\"gallery_1\">\n<div class=\"jeg_preview_holder\">\n<div class=\"jeg_preview_media\">\n<div class=\"jeg_preview_media_holder\">\n<div class=\"jeg_preview_media_content\">\n<div class=\"jeg_preview_media_content_holder_padding\">\n<div class=\"jeg_preview_media_content_holder\"><img loading=\"lazy\" decoding=\"async\" class=\"jeg_preview_hide\" src=\"https:\/\/comunica.uacj.mx\/wp-content\/uploads\/2026\/04\/Homenaje-postumo-y-presentacion-de-libro-1.jpg\" width=\"349\" height=\"262\" \/><\/div>\n<\/div>\n<\/div>\n<\/div>\n<\/div>\n<\/div>\n<\/div>\n<p>Por su parte, la coordinadora de la obra, Mar\u00eda Lourdes Tiscare\u00f1o Arroyo, resumi\u00f3 brevemente el trabajo y describi\u00f3 la experiencia.<\/p>\n<p>\u201cEs un placer que nos acompa\u00f1en, ver tantas caras conocidas; seguramente el doctor Cort\u00e9s, desde donde est\u00e1, est\u00e1 sonriendo y con ganas de ver que me dej\u00f3 este paquete sin pedirme permiso (bromea). Me pidi\u00f3 ayuda, pero el trato fue que \u00edbamos a estar los dos. Sin embargo, pues se fue y sin decir adi\u00f3s\u201d, mencion\u00f3 con nostalgia.<\/p>\n<p>Las participaciones rodearon el ejemplo de amor por el conocimiento del doctor Jos\u00e9 de Jes\u00fas Cort\u00e9s Vera; los asistentes llenaron de an\u00e9cdotas y respeto el recinto.<\/p>\n<p>\u201cConsidero que el gran aporte de esta obra cumple el objetivo que so\u00f1\u00f3 el doctor Cort\u00e9s, porque considero que es un valioso testimonio de los important\u00edsimos logros que se han llevado a cabo a trav\u00e9s de las bibliotecas universitarias en el pa\u00eds para formar a los usuarios, estudiantes, maestros e investigadores en el uso de la informaci\u00f3n\u201d, concluy\u00f3 la doctora Tiscare\u00f1o Arroyo.<\/p>\n","protected":false},"excerpt":{"rendered":"<p>Rinden homenaje p\u00f3stumo y presentaci\u00f3n de libro Desde la librer\u00eda de la UACJ, en el marco de la<\/p>\n","protected":false},"author":1,"featured_media":67305,"comment_status":"open","ping_status":"closed","sticky":false,"template":"","format":"standard","meta":{"footnotes":""},"categories":[51],"tags":[],"class_list":["post-67306","post","type-post","status-publish","format-standard","has-post-thumbnail","hentry","category-actualidad"],"_links":{"self":[{"href":"https:\/\/www.deportivo800.com\/index.php?rest_route=\/wp\/v2\/posts\/67306","targetHints":{"allow":["GET"]}}],"collection":[{"href":"https:\/\/www.deportivo800.com\/index.php?rest_route=\/wp\/v2\/posts"}],"about":[{"href":"https:\/\/www.deportivo800.com\/index.php?rest_route=\/wp\/v2\/types\/post"}],"author":[{"embeddable":true,"href":"https:\/\/www.deportivo800.com\/index.php?rest_route=\/wp\/v2\/users\/1"}],"replies":[{"embeddable":true,"href":"https:\/\/www.deportivo800.com\/index.php?rest_route=%2Fwp%2Fv2%2Fcomments&post=67306"}],"version-history":[{"count":0,"href":"https:\/\/www.deportivo800.com\/index.php?rest_route=\/wp\/v2\/posts\/67306\/revisions"}],"wp:featuredmedia":[{"embeddable":true,"href":"https:\/\/www.deportivo800.com\/index.php?rest_route=\/wp\/v2\/media\/67305"}],"wp:attachment":[{"href":"https:\/\/www.deportivo800.com\/index.php?rest_route=%2Fwp%2Fv2%2Fmedia&parent=67306"}],"wp:term":[{"taxonomy":"category","embeddable":true,"href":"https:\/\/www.deportivo800.com\/index.php?rest_route=%2Fwp%2Fv2%2Fcategories&post=67306"},{"taxonomy":"post_tag","embeddable":true,"href":"https:\/\/www.deportivo800.com\/index.php?rest_route=%2Fwp%2Fv2%2Ftags&post=67306"}],"curies":[{"name":"wp","href":"https:\/\/api.w.org\/{rel}","templated":true}]}}