{"id":67304,"date":"2026-04-22T02:37:36","date_gmt":"2026-04-22T02:37:36","guid":{"rendered":"https:\/\/www.deportivo800.com\/?p=67304"},"modified":"2026-04-22T02:37:36","modified_gmt":"2026-04-22T02:37:36","slug":"continuan-los-festejos-en-el-ccf","status":"publish","type":"post","link":"https:\/\/www.deportivo800.com\/?p=67304","title":{"rendered":"CONTINUAN LOS FESTEJOS EN EL CCF"},"content":{"rendered":"<h3 class=\"wp-block-heading\"><strong>\u00a0Una charla hist\u00f3rica sobre el Pronaf, y las Ma\u00f1anas en Concierto acompa\u00f1an los festejos en el Centro Cultural de las Fronteras\u00a0<\/strong><\/h3>\n<p><a href=\"https:\/\/www.deportivo800.com\/wp-content\/uploads\/2026\/04\/CHARLA-.CCF-PILAR-HISTORICO-DEL-PRONAF-Y-CONCIERTO-DE-VOCES10-1140x570.jpg\"><img loading=\"lazy\" decoding=\"async\" class=\"aligncenter size-full wp-image-409215\" src=\"https:\/\/www.deportivo800.com\/wp-content\/uploads\/2026\/04\/CHARLA-.CCF-PILAR-HISTORICO-DEL-PRONAF-Y-CONCIERTO-DE-VOCES10-1140x570.jpg\" alt=\"\" width=\"1140\" height=\"570\" \/><\/a><\/p>\n<p>Como parte de las actividades que conmemoran el d\u00e9cimo aniversario del Centro Cultural de las Fronteras (CCF), un espacio en donde converge la ciencia, la cultura y el conocimiento, la ma\u00f1ana del 21 de abril se vio marcada con algunos eventos relevantes, que se sumaron a los festejos.<\/p>\n<h4 class=\"wp-block-heading\"><strong>Charla: el CFF Pilar hist\u00f3rico del Pronaf<\/strong><\/h4>\n<p>Este di\u00e1logo encabezado por historiadores y especialistas dio paso a que este evento enriqueciera al p\u00fablico con informaci\u00f3n de car\u00e1cter hist\u00f3rico, cultural, econ\u00f3mico, social y arquitect\u00f3nico en torno a la relevancia del CFF. El doctor Alejandro Gonz\u00e1lez Milea, el licenciado Jes\u00fas Alfredo Varela, el maestro Carlos Iv\u00e1n Gonz\u00e1lez Ibarra y el doctor Jos\u00e9 Eduardo Borunda conformaron el panel de expertos.\u00a0<\/p>\n<p>De acuerdo con datos hist\u00f3ricos, el Programa Nacional Fronterizo (Pronaf), se fund\u00f3 en 1961 durante el mandato del presidente Adolfo L\u00f3pez Mateos, y se cre\u00f3 respondiendo a la necesidad de elevar el nivel econ\u00f3mico, urban\u00edstico, funcional y cultural en todas las poblaciones fronterizas de M\u00e9xico, tanto en la frontera norte con Estados Unidos como en la frontera sur con Guatemala, incluyendo, desde luego, Ciudad Ju\u00e1rez. Dicho programa permiti\u00f3 las circunstancias para que el edificio que hoy se conoce como Centro Cultural de las Fronteras, tenga un legado de 10 a\u00f1os de historia.<\/p>\n<p>En el encuentro de di\u00e1logo y reflexi\u00f3n los especialistas destacaron que no es solo un edificio, sino que es un punto de encuentro entre disciplinas y expresiones art\u00edsticas, en un contexto en donde en Ju\u00e1rez los espacios culturales reparan el tejido social.\u00a0<em>\u00abUna de las situaciones que conllevo la creaci\u00f3n del CCF fue que la frontera era considerada como espacio de violencia e inseguridad\u00bb<\/em>, agregaron.<\/p>\n<p>Este espacio tuvo la tarea de compartir con la ciudadania la importancia de los espacios universitarios, que al mismo tiempo se convierten en comunitarios al compartir actividades, as\u00ed como valorar los avances que se han logrado con el paso de los a\u00f1os.\u00a0<\/p>\n<p>En el panel tambi\u00e9n se abord\u00f3 la trascendencia de las aduanas y las fronteras como un punto de encuentro comercial, econ\u00f3mico, social y cultural, elementos destacados que se fijaron en esta ciudad. Un repaso hist\u00f3rico y hemerogr\u00e1fico acompa\u00f1aron la charla. Al finalizar el p\u00fablico pudo intercambiar preguntas con los ponentes para enriquecer su conocimiento.\u00a0<\/p>\n<h4 class=\"wp-block-heading\"><strong>Ma\u00f1anas en concierto\u00a0<\/strong><\/h4>\n<p>En la parte musical de estos eventos, el Ensamble coral VOCUME dio color a las Ma\u00f1anas en concierto, un\u00a0<strong>programa\u00a0de\u00a0conciertos\u00a0dirigido\u00a0al\u00a0adulto\u00a0mayor. Se ofrecer\u00e1 el primer martes de cada mes un concierto gratuito a la comunidad.\u00a0<\/strong><\/p>\n<p>En esta presentaci\u00f3n musical el grupo representativo present\u00f3 al p\u00fablico un repertorio de 7 canciones de m\u00fasica mexicana de autores como Mar\u00eda Grever, Mar\u00eda Teresa Lara y Violeta Parra.\u00a0<em>\u201cLa voz es un instrumento y en este grupo hay varios colores, lo que enriquece nuestro grupo. El ensamble Voces Custodia de M\u00e9xico, tiene la intenci\u00f3n de recuperar lo que es hist\u00f3ricamente importante en el mundo de la m\u00fasica mexicana\u201d<\/em>, destac\u00f3 la maestra Jessica Pe\u00f1a al iniciar el concierto.<\/p>\n<p>Por su parte, detr\u00e1s de escena, Luz Stephanie Guerra, miembro del grupo representativo VOCUME, comparti\u00f3 que al formar parte de este equipo tiene en sus manos una gran responsabilidad.\u00a0<em>\u201cNosotros como grupos representativos sentimos que tenemos esta capacidad de que la comunidad tenga m\u00e1s cercan\u00eda a las artes. Y siento que es algo que logramos en estas presentaciones\u201d<\/em>.\u00a0<\/p>\n<p>Expres\u00f3 que este concierto conllev\u00f3 varios meses de preparaci\u00f3n.\u00a0<em>\u201cTenemos canciones que hemos practicado a lo largo de todos los semestres. Lo que quisiera que espere nuestro p\u00fablico es que lo disfruten y que analicen que la m\u00fasica mexicana no solo abarca el regional, sino que tambi\u00e9n hay canciones de anta\u00f1o que siguen siendo un arte\u201d<\/em>.<\/p>\n<p>Es as\u00ed como la ma\u00f1ana del 21 de abril dio color a los festejos en el Centro Cultural de las Fronteras. Conozca el calendario completo:<\/p>\n<p><a href=\"https:\/\/www.uacj.mx\/aniversarioccf\/programa.html\">https:\/\/www.uacj.mx\/aniversarioccf\/programa.html<\/a><\/p>\n","protected":false},"excerpt":{"rendered":"<p>\u00a0Una charla hist\u00f3rica sobre el Pronaf, y las Ma\u00f1anas en Concierto acompa\u00f1an los festejos en el Centro Cultural<\/p>\n","protected":false},"author":1,"featured_media":67303,"comment_status":"open","ping_status":"closed","sticky":false,"template":"","format":"standard","meta":{"footnotes":""},"categories":[51],"tags":[],"class_list":["post-67304","post","type-post","status-publish","format-standard","has-post-thumbnail","hentry","category-actualidad"],"_links":{"self":[{"href":"https:\/\/www.deportivo800.com\/index.php?rest_route=\/wp\/v2\/posts\/67304","targetHints":{"allow":["GET"]}}],"collection":[{"href":"https:\/\/www.deportivo800.com\/index.php?rest_route=\/wp\/v2\/posts"}],"about":[{"href":"https:\/\/www.deportivo800.com\/index.php?rest_route=\/wp\/v2\/types\/post"}],"author":[{"embeddable":true,"href":"https:\/\/www.deportivo800.com\/index.php?rest_route=\/wp\/v2\/users\/1"}],"replies":[{"embeddable":true,"href":"https:\/\/www.deportivo800.com\/index.php?rest_route=%2Fwp%2Fv2%2Fcomments&post=67304"}],"version-history":[{"count":0,"href":"https:\/\/www.deportivo800.com\/index.php?rest_route=\/wp\/v2\/posts\/67304\/revisions"}],"wp:featuredmedia":[{"embeddable":true,"href":"https:\/\/www.deportivo800.com\/index.php?rest_route=\/wp\/v2\/media\/67303"}],"wp:attachment":[{"href":"https:\/\/www.deportivo800.com\/index.php?rest_route=%2Fwp%2Fv2%2Fmedia&parent=67304"}],"wp:term":[{"taxonomy":"category","embeddable":true,"href":"https:\/\/www.deportivo800.com\/index.php?rest_route=%2Fwp%2Fv2%2Fcategories&post=67304"},{"taxonomy":"post_tag","embeddable":true,"href":"https:\/\/www.deportivo800.com\/index.php?rest_route=%2Fwp%2Fv2%2Ftags&post=67304"}],"curies":[{"name":"wp","href":"https:\/\/api.w.org\/{rel}","templated":true}]}}