{"id":67302,"date":"2026-04-22T02:36:01","date_gmt":"2026-04-22T02:36:01","guid":{"rendered":"https:\/\/www.deportivo800.com\/?p=67302"},"modified":"2026-04-22T02:36:01","modified_gmt":"2026-04-22T02:36:01","slug":"entre-algoritmos-y-creatividad","status":"publish","type":"post","link":"https:\/\/www.deportivo800.com\/?p=67302","title":{"rendered":"ENTRE ALGORITMOS Y CREATIVIDAD"},"content":{"rendered":"<p>ICSA inaugura Foro Internacional de Mercadotecnia<\/p>\n<p><a href=\"https:\/\/www.deportivo800.com\/wp-content\/uploads\/2026\/04\/MERCADESTACADA-1140x570.jpg\"><img loading=\"lazy\" decoding=\"async\" class=\"aligncenter size-full wp-image-409213\" src=\"https:\/\/www.deportivo800.com\/wp-content\/uploads\/2026\/04\/MERCADESTACADA-1140x570.jpg\" alt=\"\" width=\"1140\" height=\"570\" \/><\/a><\/p>\n<p>Un espacio para hablar de \u00e9tica, innovaci\u00f3n, creatividad, cultura, \u00e9xito, estrategias, y mucho m\u00e1s, son los par\u00e1metros que integran la doceava edici\u00f3n del Foro Internacional de Mercadotecnia, que celebr\u00f3 su inauguraci\u00f3n el 21 de abril en el Instituto de Ciencias Sociales y Administraci\u00f3n (ICSA).<\/p>\n<p>Para dar inicio a esta jornada de aprendizaje, se realiz\u00f3 una ceremonia de apertura de las actividades de este evento acad\u00e9mico, donde se cont\u00f3 con la participaci\u00f3n del director del Instituto, el doctor Jes\u00fas Meza Vega; el doctor Jes\u00fas Urrutia de la Garza, jefe del departamento de Ciencias Administrativas; la maestra Adriana Reyes S\u00e1nchez, coordinadora de la licenciatura en Mercadotecnia; el maestro Carlos Jes\u00fas Gonz\u00e1lez Mac\u00edas, coordinador de la licenciatura en Administraci\u00f3n de Empresas; la maestra Carolina Medina, coordinadora de la licenciatura en Turismo; la doctora Sixta Cobos, coordinadora de la licenciatura en Contadur\u00eda; y el doctor Luis Adri\u00e1n Lozoya Mu\u00f1oz, coordinador de la licenciatura en Finanzas.<\/p>\n<p>Ante docentes y estudiantes, el director del ICSA dio unas palabras acerca de la importancia de llevar a cabo eventos como este, donde, en estos tiempos, el acceso a la informaci\u00f3n y la implementaci\u00f3n de nuevas tecnolog\u00edas ha abierto las puertas a muchas posibilidades.<\/p>\n<p>\u201cUstedes est\u00e1n llamados a crear, a innovar. Y aprovechen la tecnolog\u00eda. Porque entonces los algoritmos les dar\u00e1n datos que les va a permitir conocer cu\u00e1les son las tendencias, pero les va a permitir, tambi\u00e9n, detectar cu\u00e1les son los distintos p\u00fablicos; cu\u00e1les son esas tendencias; hacia d\u00f3nde van y cu\u00e1les van, y cu\u00e1les ya est\u00e1n concluyendo. Pero, m\u00e1s a\u00fan, que ustedes puedan crear y generar tendencia\u201d.<\/p>\n<h3 class=\"wp-block-heading has-text-align-center\"><strong>Coolhunting y creatividad en la era del doomscrolling<\/strong><\/h3>\n<p>El maestro Jorge Enrique Rodallegas Vizca\u00edno, conferencista inaugural de la decimosegunda edici\u00f3n del Foro Internacional de Mercadotecnia, imparti\u00f3 la charla\u00a0<em>Coolhunting y creatividad en la era del doomscrolling<\/em>.<\/p>\n<div class=\"wp-block-image\">\n<figure class=\"alignleft size-large is-resized\"><img loading=\"lazy\" decoding=\"async\" class=\"wp-image-96232\" src=\"https:\/\/comunica.uacj.mx\/wp-content\/uploads\/2026\/04\/GaleriaMerca7-1-1024x683.jpg\" sizes=\"auto, (max-width: 1024px) 100vw, 1024px\" srcset=\"https:\/\/comunica.uacj.mx\/wp-content\/uploads\/2026\/04\/GaleriaMerca7-1-1024x683.jpg 1024w, https:\/\/comunica.uacj.mx\/wp-content\/uploads\/2026\/04\/GaleriaMerca7-1-300x200.jpg 300w, https:\/\/comunica.uacj.mx\/wp-content\/uploads\/2026\/04\/GaleriaMerca7-1-768x512.jpg 768w, https:\/\/comunica.uacj.mx\/wp-content\/uploads\/2026\/04\/GaleriaMerca7-1-1536x1024.jpg 1536w, https:\/\/comunica.uacj.mx\/wp-content\/uploads\/2026\/04\/GaleriaMerca7-1-500x333.jpg 500w, https:\/\/comunica.uacj.mx\/wp-content\/uploads\/2026\/04\/GaleriaMerca7-1-800x533.jpg 800w, https:\/\/comunica.uacj.mx\/wp-content\/uploads\/2026\/04\/GaleriaMerca7-1-1280x853.jpg 1280w, https:\/\/comunica.uacj.mx\/wp-content\/uploads\/2026\/04\/GaleriaMerca7-1-1320x880.jpg 1320w, https:\/\/comunica.uacj.mx\/wp-content\/uploads\/2026\/04\/GaleriaMerca7-1-750x500.jpg 750w, https:\/\/comunica.uacj.mx\/wp-content\/uploads\/2026\/04\/GaleriaMerca7-1-1140x760.jpg 1140w, https:\/\/comunica.uacj.mx\/wp-content\/uploads\/2026\/04\/GaleriaMerca7-1.jpg 1920w\" alt=\"\" width=\"348\" height=\"232\" data-pin-no-hover=\"true\" \/><\/figure>\n<\/div>\n<p>Durante su intervenci\u00f3n, describi\u00f3 el contexto actual del consumo digital, marcado por din\u00e1micas como el doomscrolling, donde el flujo constante de contenidos genera saturaci\u00f3n, ansiedad y una disminuci\u00f3n en la capacidad de atenci\u00f3n.<\/p>\n<p>En este escenario, indic\u00f3 que las audiencias procesan menos informaci\u00f3n, desconf\u00edan m\u00e1s y exigen mensajes inmediatos y relevantes, lo que representa un reto para quienes buscan comunicar eficazmente.<\/p>\n<p>Finalmente, sostuvo que el principal desaf\u00edo en el marketing contempor\u00e1neo no es la falta de creatividad, sino la falta de lectura cultural. Destac\u00f3 la importancia de observar el entorno, entender a las audiencias y mantenerse actualizado para evitar propuestas superficiales. Afirm\u00f3 tambi\u00e9n que la creatividad es una habilidad que se desarrolla con pr\u00e1ctica y an\u00e1lisis, y que conocer a la audiencia es esencial para lograr una comunicaci\u00f3n efectiva y generar conexiones reales.<\/p>\n","protected":false},"excerpt":{"rendered":"<p>ICSA inaugura Foro Internacional de Mercadotecnia Un espacio para hablar de \u00e9tica, innovaci\u00f3n, creatividad, cultura, \u00e9xito, estrategias, y<\/p>\n","protected":false},"author":1,"featured_media":67301,"comment_status":"open","ping_status":"closed","sticky":false,"template":"","format":"standard","meta":{"footnotes":""},"categories":[51],"tags":[],"class_list":["post-67302","post","type-post","status-publish","format-standard","has-post-thumbnail","hentry","category-actualidad"],"_links":{"self":[{"href":"https:\/\/www.deportivo800.com\/index.php?rest_route=\/wp\/v2\/posts\/67302","targetHints":{"allow":["GET"]}}],"collection":[{"href":"https:\/\/www.deportivo800.com\/index.php?rest_route=\/wp\/v2\/posts"}],"about":[{"href":"https:\/\/www.deportivo800.com\/index.php?rest_route=\/wp\/v2\/types\/post"}],"author":[{"embeddable":true,"href":"https:\/\/www.deportivo800.com\/index.php?rest_route=\/wp\/v2\/users\/1"}],"replies":[{"embeddable":true,"href":"https:\/\/www.deportivo800.com\/index.php?rest_route=%2Fwp%2Fv2%2Fcomments&post=67302"}],"version-history":[{"count":0,"href":"https:\/\/www.deportivo800.com\/index.php?rest_route=\/wp\/v2\/posts\/67302\/revisions"}],"wp:featuredmedia":[{"embeddable":true,"href":"https:\/\/www.deportivo800.com\/index.php?rest_route=\/wp\/v2\/media\/67301"}],"wp:attachment":[{"href":"https:\/\/www.deportivo800.com\/index.php?rest_route=%2Fwp%2Fv2%2Fmedia&parent=67302"}],"wp:term":[{"taxonomy":"category","embeddable":true,"href":"https:\/\/www.deportivo800.com\/index.php?rest_route=%2Fwp%2Fv2%2Fcategories&post=67302"},{"taxonomy":"post_tag","embeddable":true,"href":"https:\/\/www.deportivo800.com\/index.php?rest_route=%2Fwp%2Fv2%2Ftags&post=67302"}],"curies":[{"name":"wp","href":"https:\/\/api.w.org\/{rel}","templated":true}]}}